{"id":662,"date":"2014-09-14T13:07:50","date_gmt":"2014-09-14T12:07:50","guid":{"rendered":"http:\/\/agen.umc-europe.org\/eglise\/?p=662"},"modified":"2021-10-31T20:54:00","modified_gmt":"2021-10-31T19:54:00","slug":"jean-10v9-jesus-dit-je-suis-la-porte","status":"publish","type":"post","link":"https:\/\/agen.umc-europe.org\/eglise\/jean-10v9-jesus-dit-je-suis-la-porte\/","title":{"rendered":"Jean 10v9 : J\u00e9sus, la porte ; la seule ?"},"content":{"rendered":"\n<p>Nous sommes aujourd\u2019hui dans une soci\u00e9t\u00e9 o\u00f9 l\u2019on se retrouve comme le lapin \u00e0 la f\u00eate de reconnaissance il y a quelques ann\u00e9es&nbsp;: tout autour de lui, partout, il y a des portes avec derri\u00e8re chacune une carotte (toutes plus magnifiques que les autres). Laquelle choisir\u2026&nbsp;? Le festin est partout\u2026 ou plut\u00f4t, derri\u00e8re chaque porte, se trouve l\u2019assurance de la casserole t\u00f4t ou tard.<\/p>\n\n\n\n<p>Par quelle porte passer pour conna\u00eetre dieu et poss\u00e9der la vie \u00e9ternelle&nbsp;?<\/p>\n\n\n\n<!--more-->\n\n\n\n<p>A l\u2019\u00e9poque o\u00f9 J\u00e9sus commence \u00e0 enseigner, la porte du salut est d\u00e9tenue par les pr\u00eatres qui enseignaient que c\u2019\u00e9tait par les \u0153uvres qu\u2019on pouvait \u00eatre sauv\u00e9&nbsp;; <em>d\u00e9tenue<\/em>, ce mot peut avoir un autre sens, et c\u2019est vrai que ce n\u2019est pas la libert\u00e9 qui \u00e9tait la r\u00e9compense pour ceux qui passaient par leur porte. A l\u2019oppos\u00e9, J\u00e9sus dit&nbsp;: \u00ab&nbsp;Je suis la porte. Si quelqu\u2019un entre par moi, il sera sauv\u00e9&nbsp;; il entrera et sortira, et trouvera des p\u00e2turages&nbsp;\u00bb (Jean 10v9).<\/p>\n\n\n\n<p>Nous allons voir les caract\u00e9ristiques de cette porte et les conditions pour \u00eatre sauv\u00e9.<\/p>\n\n\n\n<h2 class=\"wp-block-heading\"><span style=\"line-height: inherit;\">Comment est cette porte dont J\u00e9sus parle&nbsp;?<\/span><\/h2>\n\n\n\n<p>. C\u2019est une <strong>porte \u00e9troite<\/strong>. Elle para\u00eet insignifiante&nbsp;; elle n\u2019est pas l\u00e0 pour attirer les regards, pour en mettre plein la vue\u2026 Elle est simple, d\u00e9pourvue d\u2019apparat. Tellement qu\u2019elle ne donne pas particuli\u00e8rement envie d\u2019y passer. C\u2019est trop simple&nbsp;: \u00ab&nbsp;Crois au Seigneur J\u00e9sus et tu seras sauv\u00e9&nbsp;\u00bb (Ac 10). \u00ab&nbsp;\u2026 Vous n\u2019auriez pas quelque chose de plus s\u00e9rieux, de plus compliqu\u00e9, qu\u2019on comprend moins\u2026 Et o\u00f9 on fait quelque chose&nbsp;?&nbsp;\u00bb<\/p>\n\n\n\n<p>. Cette porte parle surtout de ses dimensions&nbsp;; essentiellement de sa largeur. Attention \u00e0 ceux qui roulent les \u00e9paules\u2026&nbsp;! Impossible de passer pour eux. Attention \u00e0 ceux qui, dans leur bagage, &nbsp;arrivent avec ce qu\u2019ils ont fait pour le faire valoir de l\u2019autre c\u00f4t\u00e9 \u00e0 Dieu&nbsp;; la porte est trop \u00e9troite pour faire passer leurs m\u00e9rites. Elle est \u00e9troite volontairement pour que ceux qui y passent le fassent dans l\u2019humilit\u00e9 devant Dieu. D\u2019autre part, il faut y passer un par un, chacun en s\u2019y engageant personnellement&nbsp;; on ne peut la franchir en \u00e9tant port\u00e9, ni en portant&nbsp;: \u00e0 2, on ne passe pas.<\/p>\n\n\n\n<p>Il y a au Touquet une course de motos dans le sable, avec 800 candidats&nbsp;; ils se pr\u00e9cipitent tous au d\u00e9part pour franchir parmi les premiers le resserrement, quelques centaines de m\u00e8tres apr\u00e8s&nbsp;: il est impossible de passer \u00e0 plusieurs de front. \u00c7a devrait \u00eatre interdit dans les r\u00e8glements&nbsp;! Mais pourtant les candidats reviennent l\u2019ann\u00e9e suivante\u2026<\/p>\n\n\n\n<p>Si J\u00e9sus parle de porte \u00e9troite \u00e0 franchir au d\u00e9part pour la vie avec lui, la suite est contraire \u00e0 la course&nbsp;: \u00ab&nbsp;Voici, <a href=\"https:\/\/agen.umc-europe.org\/eglise\/premiers-seront-derniers-matthieu-19-20\/\">il y en a des derniers qui seront les premiers et des premiers qui seront les derniers<\/a>&nbsp;\u00bb (Luc 13v30). L\u00e0 aussi, comme pour la porte, il ne faut pas se fier aux apparences&nbsp;! Ceux qui paraissent premiers aux yeux des hommes ne le seront peut-\u00eatre pas pour Dieu. Si certains motards avaient voulu, pour aller plus vite, passer \u00e0 c\u00f4t\u00e9 de ce goulet \u00e9troit, ils auraient \u00e9t\u00e9 disqualifi\u00e9s. C\u2019est ce que Dieu fera vis-\u00e0-vis de ceux qui n\u2019acceptent pas de passer par <strong>le seul chemin que Dieu indique<\/strong> et les cons\u00e9quences seront autrement plus graves que pour une course&nbsp;: \u00ab&nbsp;En v\u00e9rit\u00e9 je vous le dis, celui qui n\u2019entre pas par la porte dans la bergerie mais qui y monte par ailleurs est un voleur et un brigand&nbsp;\u00bb (Jean 10v1). Ceux-l\u00e0 seront jet\u00e9s \u00ab&nbsp;dehors&nbsp;\u00bb&nbsp;; c&rsquo;est-\u00e0-dire en enfer&nbsp;: c\u2019est le lieu o\u00f9 l\u2019on ne conna\u00eetra jamais la pr\u00e9sence de Dieu, tout en voyant la pl\u00e9nitude de ceux qui la vivent. Eternellement.<\/p>\n\n\n\n<h2 class=\"wp-block-heading\">Sur cette porte, qu\u2019est-il \u00e9crit&nbsp;?<\/h2>\n\n\n\n<p>On imagine le plus souvent, le nom d\u2019une religion, celle qui sauve. Mais il n\u2019y a <em>rien<\/em>.<\/p>\n\n\n\n<p>Certains pensent qu\u2019une bonne vieille porte est un gage de confiance, de s\u00e9curit\u00e9, de s\u00e9rieux, quoi&nbsp;! Tandis que d\u2019autres pr\u00e9senteraient une porte beaucoup plus moderne, beaucoup moins lourde \u00e0 pousser, avec moins de contraintes, plus attractive. Mais une porte du XVIII<sup>\u00e8me <\/sup>si\u00e8cle n\u2019offre pas plus le salut qu\u2019une porte moderne en verre fum\u00e9.<\/p>\n\n\n\n<p>Mais alors, qu\u2019est-ce que cette porte qui permet d\u2019\u00eatre sauv\u00e9&nbsp;? Eh bien, en fait, on ne voit rien\u2026 et \u00e7a, c\u2019est tr\u00e8s g\u00eanant, ins\u00e9curisant, d\u00e9stabilisant. C\u2019est <strong>J\u00e9sus qui est la porte<\/strong>, et il est ressuscit\u00e9&nbsp;! Pour combler ce qui est invisible, on a, au fil des si\u00e8cles, fait des r\u00e8glements, des traditions qui permettaient d\u2019avoir, de voir un cadre bien visible, tangible. Mais ces portes ne m\u00e8nent pas au salut, seulement \u00e0 des impasses.<\/p>\n\n\n\n<p><strong>La porte est une personne, J\u00e9sus-Christ<\/strong>, et celui qui conna\u00eet le salut est celui qui est pass\u00e9 par lui, qui est en communion avec lui.<\/p>\n\n\n\n<p>Un proverbe chinois dit&nbsp;: \u00ab&nbsp;La porte la mieux ferm\u00e9e est celle qu\u2019on peut laisser ouverte&nbsp;\u00bb&nbsp;: c\u2019est la plus s\u00fbre parce que la maison est bien gard\u00e9e. Avec le Seigneur, la porte est ouverte&nbsp;; le salut est offert, le chemin est libre en J\u00e9sus-Christ. Comme au moment de la mort de J\u00e9sus o\u00f9 le rideau, qui s\u00e9parait dans le temple le lieu saint du lieu tr\u00e8s saint, s\u2019est coup\u00e9 de haut en bas&nbsp;; ce rideau d\u00e9chir\u00e9 symbolisait l\u2019acc\u00e8s aupr\u00e8s de Dieu rendu possible par la mort de J\u00e9sus. La porte est ouverte, mais elle est une personne, J\u00e9sus-Christ ressuscit\u00e9 et il n\u2019y en a pas d\u2019autre&nbsp;: \u00ab&nbsp;Je suis la porte&nbsp;; si quelqu\u2019un entre par moi, il sera sauv\u00e9&nbsp;\u00bb (Jean 10v9).<\/p>\n\n\n\n<p>A l\u2019oppos\u00e9, J\u00e9sus s\u2019adresse aux religieux&nbsp;: \u00ab&nbsp;Malheur \u00e0 vous, scribes et pharisiens hypocrites, parce que vous fermez aux hommes le royaume des cieux&nbsp;! Vous n\u2019y entrez pas vous-m\u00eames et vous n\u2019y laissez pas entrer ceux qui veulent y entrer&nbsp;\u00bb (Matthieu 23v13). Au contraire, la vie que Dieu offre est une vie de libert\u00e9&nbsp;: celui qui est sauv\u00e9 \u00ab&nbsp;entrera et sortira&nbsp;\u00bb.<\/p>\n\n\n\n<h2 class=\"wp-block-heading\">Pourquoi cette porte du salut est tr\u00e8s s\u00fbre et peut rester ouverte&nbsp;?<\/h2>\n\n\n\n<p>J\u00e9sus, en parlant de ceux qui lui appartiennent, dit&nbsp;: \u00ab&nbsp;Je leur donne la vie \u00e9ternelle&nbsp;; elles ne p\u00e9riront jamais et personne ne les ravira de ma main&nbsp;\u00bb (Jean 10v28)&nbsp;: la s\u00e9curit\u00e9, l\u2019assurance viennent de ces 2 r\u00e9alit\u00e9s&nbsp;: 1) le salut d\u00e9coule du don de Dieu (s\u2019il d\u00e9pendait de mes \u0153uvres, je ne serai jamais s\u00fbr de mon salut&nbsp;; et c\u2019est pour cela que bien peu de personnes sont assur\u00e9es de leur salut)&nbsp;; 2) celui qui appartient \u00e0 Dieu est dans sa main, sous sa protection&nbsp;; il peut ne rien craindre.<\/p>\n\n\n\n<p>\u00ab\u00a0<a href=\"http:\/\/www.cheminsdevie.info\/emission\/psaumes-23-1-24-10\/\">L\u2019Eternel est mon berger<\/a>\u00a0; je ne manquerai de rien. Quand je marche dans la vall\u00e9e de l\u2019ombre de la mort, je ne crains aucun mal, car tu es l\u00e0\u00a0\u00bb (Psaume 23)\u00a0; la paix, m\u00eame face \u00e0 la mort, ne d\u00e9coule ni d\u2019une fuite, ni d\u2019une autosuggestion, ni d\u2019une force morale mais de la pr\u00e9sence de Dieu en nous.<\/p>\n\n\n\n<p>. Malheureusement, dit J\u00e9sus, bien peu de personnes trouvent cette vie&nbsp;: \u00ab&nbsp;Etroite est la porte, resserr\u00e9 le chemin qui m\u00e8nent \u00e0 la vie, et\u2026 il y en a peu qui les trouvent&nbsp;\u00bb (Matthieu 7v14). C\u2019est \u00e0 la fois surprenant et terrifiant. Augustin disait&nbsp;: \u00ab&nbsp;Beaucoup d\u2019hommes cherchent Dieu&nbsp;; mais il en est peu qui le trouvent, parce qu\u2019ils le cherchent en dehors, l\u00e0 o\u00f9 il n\u2019est pas&nbsp;\u00bb.<\/p>\n\n\n\n<p>Les paroles de J\u00e9sus ont de quoi \u00eatre choquantes pour les juifs, pour les chefs religieux port\u00e9s aux nues par les hommes&nbsp;: eux ces hommes si scrupuleux sont appel\u00e9s par J\u00e9sus \u00ab&nbsp;des brigands et des voleurs&nbsp;\u00bb qui ne seront pas sauv\u00e9s. Eux pensaient que parce qu\u2019ils \u00e9taient descendants d\u2019Abraham, ils ne pouvaient qu\u2019\u00eatre sauv\u00e9s&nbsp;! Mais Dieu a seulement des enfants&nbsp;; jamais des petits enfants. Qui est sauv\u00e9 alors&nbsp;?<\/p>\n\n\n\n<h2 class=\"wp-block-heading\"><span style=\"line-height: inherit;\">Les conditions pour \u00eatre sauv\u00e9&nbsp;?<\/span><\/h2>\n\n\n\n<p>. J\u00e9sus r\u00e9pond \u00e0 la question&nbsp;: \u00ab&nbsp;N\u2019y a-t-il qu\u2019un petit nombre de gens qui seront sauv\u00e9s&nbsp;?&nbsp;\u00bb en parlant de ceux qui seront rest\u00e9s \u00ab&nbsp;dehors&nbsp;\u00bb, devant la porte (Luc 13v23, 25). Pourtant, ces personnes pourront dire au Seigneur&nbsp;: \u00ab&nbsp;Mais nous \u00e9tions \u00e0 table avec toi, nous avons mang\u00e9 et bu sous tes yeux&nbsp;; tu as enseign\u00e9 dans nos rues\u2026&nbsp;\u00bb (v36)&nbsp;; beaucoup de personnes croient que J\u00e9sus est le Sauveur du monde mais elles restent \u00ab&nbsp;devant&nbsp;\u00bb la porte, sans s\u2019engager personnellement, sans mettre en action leur confiance en lui&nbsp;; il ne s\u2019agit pas d\u2019adh\u00e9rer \u00e0 une th\u00e9orie pour poss\u00e9der le salut mais de s\u2019engagement personnellement.<\/p>\n\n\n\n<p>En disant&nbsp;: \u00ab&nbsp;Entrez par la porte \u00e9troite&nbsp;\u00bb, J\u00e9sus montre qu\u2019<strong>il ne force pas, qu\u2019il attend notre acquiescement<\/strong>&nbsp;; il affirme qu\u2019il s\u2019agit de prendre une d\u00e9cision personnelle. La base du salut est d\u2019entrer, et non de faire&nbsp;: on ne fait rien, on prend seulement possession de ce qui est <em>donn\u00e9<\/em>. \u00ab&nbsp;Le <em>don gratuit<\/em> que Dieu accorde, c\u2019est la vie \u00e9ternelle dans l\u2019union avec J\u00e9sus-Christ notre Seigneur&nbsp;\u00bb (Romains 6v23). Ce n\u2019est que par lui que l\u2019on est sauv\u00e9, que dans une relation personnelle avec lui qu\u2019on sait avoir la vie \u00e9ternelle.<\/p>\n\n\n\n<p>. \u00ab&nbsp;Mes brebis entendent ma voix&nbsp;; je les connais et elles me suivent&nbsp;\u00bb (Jean 10v27)&nbsp;: celui qui est sauv\u00e9, qui sait qu\u2019il fait partie de la <a href=\"https:\/\/agen.umc-europe.org\/eglise\/eglise-freres-et-soeurs-de-jesus-famille-dieu\/\">famille de Dieu<\/a> <em>l\u2019\u00e9coute<\/em>. Comment&nbsp;? A travers sa Parole, la Bible. C\u2019est pour cela qu\u2019il est normal de lire r\u00e9guli\u00e8rement la Bible. Aux pharisiens, J\u00e9sus dit&nbsp;: \u00ab&nbsp;Celui qui est de Dieu \u00e9coute les paroles de Dieu&nbsp;; vous n\u2019\u00e9coutez pas parce que vous n\u2019\u00eates pas de Dieu&nbsp;\u00bb (Jean 8v47). Et celui qui \u00e9coute a un comportement cons\u00e9quent&nbsp;: sa vie se veut \u00eatre en harmonie avec sa Parole.<\/p>\n\n\n\n<p>Pour ceux qui n\u2019ont pas \u00e9t\u00e9 en contact avec cette Parole, il est dit que Dieu est un juste juge et qu\u2019il jugera chacun d\u2019apr\u00e8s ce qu\u2019il aura fait de ce qu\u2019il aura re\u00e7u (Romains 2v12-16).<\/p>\n\n\n\n<p>. Pour \u00eatre sauv\u00e9, il est n\u00e9cessaire de conna\u00eetre Dieu et d\u2019\u00eatre connu de lui&nbsp;; dans la Bible, cette connaissance parle d\u2019intimit\u00e9 dans le m\u00eame sens que 2 conjoints se connaissent. Il est donc question d\u2019une union profonde. J\u00e9sus r\u00e9pond \u00e0 ceux qui ne sont pas pass\u00e9s par la porte \u00e9troite, malgr\u00e9 les miracles qu\u2019ils auront accomplis (&nbsp;!)&nbsp;:&nbsp;\u00ab&nbsp;Retirez-vous de moi, je ne vous ai jamais connus&nbsp;\u00bb (Matthieu 7v23).<\/p>\n\n\n\n<p>Passer par la porte qui est J\u00e9sus permet de le conna\u00eetre personnellement, intimement&nbsp;; il est celui qu\u2019on ne voit pas, le Ressuscit\u00e9, mais qui agit et qui transforme les vies.<\/p>\n\n\n\n<h2 class=\"wp-block-heading\">Et puis, il y a le chemin apr\u00e8s la porte&nbsp;;<\/h2>\n\n\n\n<p>J\u00e9sus mentionne 2 caract\u00e9ristiques&nbsp;:<\/p>\n\n\n\n<ul><li>Il est resserr\u00e9, dur&nbsp;; on ne peut \u00eatre utopiste et penser que la b\u00e9n\u00e9diction de Dieu exclut toute difficult\u00e9.<\/li><li>Mais il promet aussi une vie de libert\u00e9 et de pl\u00e9nitude&nbsp;: \u00ab&nbsp;Si quelqu\u2019un entre par moi, il sera sauv\u00e9, il entrera et sortira et il trouvera des p\u00e2turages&nbsp;\u00bb (Jean 10v9)&nbsp;; alors, malgr\u00e9 la marche difficile, nous pouvons <strong>t\u00e9moigner<\/strong> que la vie avec Dieu est pleine de bienfaits, de joies, d\u2019exp\u00e9riences riches.<\/li><\/ul>\n\n\n\n<p>Merci, Seigneur, pour ce que tu es et ce que tu donnes&nbsp;!<\/p>\n\n\n\n<p>Jean-Ruben<\/p>\n","protected":false},"excerpt":{"rendered":"<p>Nous sommes aujourd\u2019hui dans une soci\u00e9t\u00e9 o\u00f9 l\u2019on se retrouve comme le lapin \u00e0 la f\u00eate de reconnaissance il y a quelques ann\u00e9es&nbsp;: tout autour de lui, partout, il y a des portes avec derri\u00e8re chacune une carotte (toutes plus magnifiques que les autres). Laquelle choisir\u2026&nbsp;? Le festin est partout\u2026&#8230;<\/p>\n","protected":false},"author":2,"featured_media":2886,"comment_status":"open","ping_status":"open","sticky":false,"template":"","format":"standard","meta":{"_monsterinsights_skip_tracking":false,"_monsterinsights_sitenote_active":false,"_monsterinsights_sitenote_note":"","_monsterinsights_sitenote_category":0,"footnotes":""},"categories":[40],"tags":[70,72,148,174],"yoast_head":"<!-- This site is optimized with the Yoast SEO plugin v21.9.1 - https:\/\/yoast.com\/wordpress\/plugins\/seo\/ -->\n<title>J\u00e9sus est-il la seule porte du salut ?<\/title>\n<meta name=\"description\" content=\"J\u00e9sus dit : \u00ab Je suis la porte. Si quelqu\u2019un entre par moi, il sera sauv\u00e9 ; il entrera et sortira, et trouvera des p\u00e2turages \u00bb (Jn 10v9).\" \/>\n<meta name=\"robots\" content=\"index, follow, max-snippet:-1, max-image-preview:large, max-video-preview:-1\" \/>\n<link rel=\"canonical\" href=\"https:\/\/agen.umc-europe.org\/eglise\/jean-10v9-jesus-dit-je-suis-la-porte\/\" \/>\n<meta property=\"og:locale\" content=\"fr_FR\" \/>\n<meta property=\"og:type\" content=\"article\" \/>\n<meta property=\"og:title\" content=\"J\u00e9sus est-il la seule porte du salut ?\" \/>\n<meta property=\"og:description\" content=\"J\u00e9sus dit : \u00ab Je suis la porte. Si quelqu\u2019un entre par moi, il sera sauv\u00e9 ; il entrera et sortira, et trouvera des p\u00e2turages \u00bb (Jn 10v9).\" \/>\n<meta property=\"og:url\" content=\"https:\/\/agen.umc-europe.org\/eglise\/jean-10v9-jesus-dit-je-suis-la-porte\/\" \/>\n<meta property=\"og:site_name\" content=\"\u00c9glise Protestante \u00c9vang\u00e9lique M\u00e9thodiste Agen\" \/>\n<meta property=\"article:publisher\" content=\"https:\/\/www.facebook.com\/EgliseAgen\/\" \/>\n<meta property=\"article:published_time\" content=\"2014-09-14T12:07:50+00:00\" \/>\n<meta property=\"article:modified_time\" content=\"2021-10-31T19:54:00+00:00\" \/>\n<meta property=\"og:image\" content=\"https:\/\/agen.umc-europe.org\/eglise\/wp-content\/uploads\/2017\/06\/jesus-dit-je-suis-la-porte-1.jpg\" \/>\n\t<meta property=\"og:image:width\" content=\"1025\" \/>\n\t<meta property=\"og:image:height\" content=\"205\" \/>\n\t<meta property=\"og:image:type\" content=\"image\/jpeg\" \/>\n<meta name=\"author\" content=\"eglise.agen\" \/>\n<meta name=\"twitter:card\" content=\"summary_large_image\" \/>\n<meta name=\"twitter:creator\" content=\"@EgliseAgen\" \/>\n<meta name=\"twitter:site\" content=\"@EgliseAgen\" \/>\n<meta name=\"twitter:label1\" content=\"\u00c9crit par\" \/>\n\t<meta name=\"twitter:data1\" content=\"eglise.agen\" \/>\n\t<meta name=\"twitter:label2\" content=\"Dur\u00e9e de lecture estim\u00e9e\" \/>\n\t<meta name=\"twitter:data2\" content=\"8 minutes\" \/>\n<script type=\"application\/ld+json\" class=\"yoast-schema-graph\">{\"@context\":\"https:\/\/schema.org\",\"@graph\":[{\"@type\":\"WebPage\",\"@id\":\"https:\/\/agen.umc-europe.org\/eglise\/jean-10v9-jesus-dit-je-suis-la-porte\/\",\"url\":\"https:\/\/agen.umc-europe.org\/eglise\/jean-10v9-jesus-dit-je-suis-la-porte\/\",\"name\":\"J\u00e9sus est-il la seule porte du salut ?\",\"isPartOf\":{\"@id\":\"https:\/\/agen.umc-europe.org\/eglise\/#website\"},\"datePublished\":\"2014-09-14T12:07:50+00:00\",\"dateModified\":\"2021-10-31T19:54:00+00:00\",\"author\":{\"@id\":\"https:\/\/agen.umc-europe.org\/eglise\/#\/schema\/person\/e4e75e8bdea6a53fc59d926ccb55abe7\"},\"description\":\"J\u00e9sus dit : \u00ab Je suis la porte. Si quelqu\u2019un entre par moi, il sera sauv\u00e9 ; il entrera et sortira, et trouvera des p\u00e2turages \u00bb (Jn 10v9).\",\"breadcrumb\":{\"@id\":\"https:\/\/agen.umc-europe.org\/eglise\/jean-10v9-jesus-dit-je-suis-la-porte\/#breadcrumb\"},\"inLanguage\":\"fr-FR\",\"potentialAction\":[{\"@type\":\"ReadAction\",\"target\":[\"https:\/\/agen.umc-europe.org\/eglise\/jean-10v9-jesus-dit-je-suis-la-porte\/\"]}]},{\"@type\":\"BreadcrumbList\",\"@id\":\"https:\/\/agen.umc-europe.org\/eglise\/jean-10v9-jesus-dit-je-suis-la-porte\/#breadcrumb\",\"itemListElement\":[{\"@type\":\"ListItem\",\"position\":1,\"name\":\"Accueil\",\"item\":\"https:\/\/agen.umc-europe.org\/eglise\/\"},{\"@type\":\"ListItem\",\"position\":2,\"name\":\"Jean 10v9 : J\u00e9sus, la porte ; la seule ?\"}]},{\"@type\":\"WebSite\",\"@id\":\"https:\/\/agen.umc-europe.org\/eglise\/#website\",\"url\":\"https:\/\/agen.umc-europe.org\/eglise\/\",\"name\":\"\u00c9glise Protestante \u00c9vang\u00e9lique M\u00e9thodiste Agen\",\"description\":\"Des chr\u00e9tiens \u00e9vang\u00e9liques au coeur du Lot et Garonne. &quot;Viens et vois!&quot; ( Jean 1:47 )\",\"potentialAction\":[{\"@type\":\"SearchAction\",\"target\":{\"@type\":\"EntryPoint\",\"urlTemplate\":\"https:\/\/agen.umc-europe.org\/eglise\/?s={search_term_string}\"},\"query-input\":\"required name=search_term_string\"}],\"inLanguage\":\"fr-FR\"},{\"@type\":\"Person\",\"@id\":\"https:\/\/agen.umc-europe.org\/eglise\/#\/schema\/person\/e4e75e8bdea6a53fc59d926ccb55abe7\",\"name\":\"eglise.agen\",\"description\":\"Administateur du site de l'\u00e9glise d'Agen\",\"sameAs\":[\"https:\/\/agen.umc-europe.org\/eglise\/\"],\"url\":\"https:\/\/agen.umc-europe.org\/eglise\/author\/eem_agen\/\"}]}<\/script>\n<!-- \/ Yoast SEO plugin. -->","yoast_head_json":{"title":"J\u00e9sus est-il la seule porte du salut ?","description":"J\u00e9sus dit : \u00ab Je suis la porte. Si quelqu\u2019un entre par moi, il sera sauv\u00e9 ; il entrera et sortira, et trouvera des p\u00e2turages \u00bb (Jn 10v9).","robots":{"index":"index","follow":"follow","max-snippet":"max-snippet:-1","max-image-preview":"max-image-preview:large","max-video-preview":"max-video-preview:-1"},"canonical":"https:\/\/agen.umc-europe.org\/eglise\/jean-10v9-jesus-dit-je-suis-la-porte\/","og_locale":"fr_FR","og_type":"article","og_title":"J\u00e9sus est-il la seule porte du salut ?","og_description":"J\u00e9sus dit : \u00ab Je suis la porte. Si quelqu\u2019un entre par moi, il sera sauv\u00e9 ; il entrera et sortira, et trouvera des p\u00e2turages \u00bb (Jn 10v9).","og_url":"https:\/\/agen.umc-europe.org\/eglise\/jean-10v9-jesus-dit-je-suis-la-porte\/","og_site_name":"\u00c9glise Protestante \u00c9vang\u00e9lique M\u00e9thodiste Agen","article_publisher":"https:\/\/www.facebook.com\/EgliseAgen\/","article_published_time":"2014-09-14T12:07:50+00:00","article_modified_time":"2021-10-31T19:54:00+00:00","og_image":[{"width":1025,"height":205,"url":"https:\/\/agen.umc-europe.org\/eglise\/wp-content\/uploads\/2017\/06\/jesus-dit-je-suis-la-porte-1.jpg","type":"image\/jpeg"}],"author":"eglise.agen","twitter_card":"summary_large_image","twitter_creator":"@EgliseAgen","twitter_site":"@EgliseAgen","twitter_misc":{"\u00c9crit par":"eglise.agen","Dur\u00e9e de lecture estim\u00e9e":"8 minutes"},"schema":{"@context":"https:\/\/schema.org","@graph":[{"@type":"WebPage","@id":"https:\/\/agen.umc-europe.org\/eglise\/jean-10v9-jesus-dit-je-suis-la-porte\/","url":"https:\/\/agen.umc-europe.org\/eglise\/jean-10v9-jesus-dit-je-suis-la-porte\/","name":"J\u00e9sus est-il la seule porte du salut ?","isPartOf":{"@id":"https:\/\/agen.umc-europe.org\/eglise\/#website"},"datePublished":"2014-09-14T12:07:50+00:00","dateModified":"2021-10-31T19:54:00+00:00","author":{"@id":"https:\/\/agen.umc-europe.org\/eglise\/#\/schema\/person\/e4e75e8bdea6a53fc59d926ccb55abe7"},"description":"J\u00e9sus dit : \u00ab Je suis la porte. Si quelqu\u2019un entre par moi, il sera sauv\u00e9 ; il entrera et sortira, et trouvera des p\u00e2turages \u00bb (Jn 10v9).","breadcrumb":{"@id":"https:\/\/agen.umc-europe.org\/eglise\/jean-10v9-jesus-dit-je-suis-la-porte\/#breadcrumb"},"inLanguage":"fr-FR","potentialAction":[{"@type":"ReadAction","target":["https:\/\/agen.umc-europe.org\/eglise\/jean-10v9-jesus-dit-je-suis-la-porte\/"]}]},{"@type":"BreadcrumbList","@id":"https:\/\/agen.umc-europe.org\/eglise\/jean-10v9-jesus-dit-je-suis-la-porte\/#breadcrumb","itemListElement":[{"@type":"ListItem","position":1,"name":"Accueil","item":"https:\/\/agen.umc-europe.org\/eglise\/"},{"@type":"ListItem","position":2,"name":"Jean 10v9 : J\u00e9sus, la porte ; la seule ?"}]},{"@type":"WebSite","@id":"https:\/\/agen.umc-europe.org\/eglise\/#website","url":"https:\/\/agen.umc-europe.org\/eglise\/","name":"\u00c9glise Protestante \u00c9vang\u00e9lique M\u00e9thodiste Agen","description":"Des chr\u00e9tiens \u00e9vang\u00e9liques au coeur du Lot et Garonne. &quot;Viens et vois!&quot; ( Jean 1:47 )","potentialAction":[{"@type":"SearchAction","target":{"@type":"EntryPoint","urlTemplate":"https:\/\/agen.umc-europe.org\/eglise\/?s={search_term_string}"},"query-input":"required name=search_term_string"}],"inLanguage":"fr-FR"},{"@type":"Person","@id":"https:\/\/agen.umc-europe.org\/eglise\/#\/schema\/person\/e4e75e8bdea6a53fc59d926ccb55abe7","name":"eglise.agen","description":"Administateur du site de l'\u00e9glise d'Agen","sameAs":["https:\/\/agen.umc-europe.org\/eglise\/"],"url":"https:\/\/agen.umc-europe.org\/eglise\/author\/eem_agen\/"}]}},"views":7316,"_links":{"self":[{"href":"https:\/\/agen.umc-europe.org\/eglise\/wp-json\/wp\/v2\/posts\/662"}],"collection":[{"href":"https:\/\/agen.umc-europe.org\/eglise\/wp-json\/wp\/v2\/posts"}],"about":[{"href":"https:\/\/agen.umc-europe.org\/eglise\/wp-json\/wp\/v2\/types\/post"}],"author":[{"embeddable":true,"href":"https:\/\/agen.umc-europe.org\/eglise\/wp-json\/wp\/v2\/users\/2"}],"replies":[{"embeddable":true,"href":"https:\/\/agen.umc-europe.org\/eglise\/wp-json\/wp\/v2\/comments?post=662"}],"version-history":[{"count":7,"href":"https:\/\/agen.umc-europe.org\/eglise\/wp-json\/wp\/v2\/posts\/662\/revisions"}],"predecessor-version":[{"id":6460,"href":"https:\/\/agen.umc-europe.org\/eglise\/wp-json\/wp\/v2\/posts\/662\/revisions\/6460"}],"wp:featuredmedia":[{"embeddable":true,"href":"https:\/\/agen.umc-europe.org\/eglise\/wp-json\/wp\/v2\/media\/2886"}],"wp:attachment":[{"href":"https:\/\/agen.umc-europe.org\/eglise\/wp-json\/wp\/v2\/media?parent=662"}],"wp:term":[{"taxonomy":"category","embeddable":true,"href":"https:\/\/agen.umc-europe.org\/eglise\/wp-json\/wp\/v2\/categories?post=662"},{"taxonomy":"post_tag","embeddable":true,"href":"https:\/\/agen.umc-europe.org\/eglise\/wp-json\/wp\/v2\/tags?post=662"}],"curies":[{"name":"wp","href":"https:\/\/api.w.org\/{rel}","templated":true}]}}