{"id":5444,"date":"2019-11-03T11:47:31","date_gmt":"2019-11-03T10:47:31","guid":{"rendered":"https:\/\/agen.umc-europe.org\/eglise\/?p=5444"},"modified":"2021-10-18T16:25:07","modified_gmt":"2021-10-18T15:25:07","slug":"esaie-54v7-10-rien-ne-pourra-nous-separer-de-amour-de-dieu","status":"publish","type":"post","link":"https:\/\/agen.umc-europe.org\/eglise\/esaie-54v7-10-rien-ne-pourra-nous-separer-de-amour-de-dieu\/","title":{"rendered":"Esa\u00efe 54v7-10 : Rien ne pourra nous s\u00e9parer de l&rsquo;amour de Dieu"},"content":{"rendered":"\n<p>Avant de m\u00e9diter ces 3-4 versets, je vous propose de voir dans quel contexte ils ont \u00e9t\u00e9 \u00e9crits. Ils s&rsquo;inscrivent dans une suite logique o\u00f9 l&rsquo;intervention de Dieu va changer la relation entre Dieu et les hommes. Dans les chapitres pr\u00e9c\u00e9dents, on trouve des promesses pour Isra\u00ebl et J\u00e9rusalem, promesses de consolation, de restauration et de r\u00e9habilitation, mais aussi d&rsquo;agrandissement. <\/p>\n\n\n\n<p>Ce que Dieu va faire d\u00e9passe le simple r\u00e9tablissement d&rsquo;un peuple en tant que nation, en termes politiques. Car les promesses dont parle Esa\u00efe ne sont plus seulement pour la collectivit\u00e9 que repr\u00e9sentait Isra\u00ebl, mais il s&rsquo;agit bien d&rsquo;une <strong>r\u00e9habilitation destin\u00e9e \u00e0 chaque \u00eatre humain devant Dieu<\/strong>. <\/p>\n\n\n\n<!--more-->\n\n\n\n<h3 class=\"wp-block-heading\">Contexte d&rsquo;Esa\u00efe : Le sacrifice du Serviteur<\/h3>\n\n\n\n<p>Ainsi Esa\u00efe parle dans son livre d&rsquo;<strong>Isra\u00ebl en tant que lumi\u00e8re des nations<\/strong>, en tant qu&rsquo;exemple des nations, de ce peuple s&rsquo;\u00e9l\u00e8vera celui qu&rsquo;on appellera le Serviteur de l&rsquo;Eternel. Et nous voil\u00e0 au chapitre pr\u00e9c\u00e9dant le n\u00f4tre, ch 53, o\u00f9 il est expliqu\u00e9 le <strong>but du sacrifice du Serviteur<\/strong> : porter la faute de tous, recevoir le ch\u00e2timent qui \u00e9tait destin\u00e9 aux hommes, interc\u00e9der pour les humains et les justifier devant Dieu. <\/p>\n\n\n\n<p>La progression est claire dans ces chapitres. Au ch 54, c&rsquo;est la paix qui est promise une paix bas\u00e9e sur l&rsquo;amour de Dieu; Et enfin le ch 55 est un vibrant appel d&rsquo;\u00e9vang\u00e9lisation avant l&rsquo;heure : <em>\u00ab\u00a0Que celui qui a soif vienne et re\u00e7oive de l&rsquo;eau ! Tendez l&rsquo;oreille et venez \u00e0 moi\u2026 Ecoutez et votre \u00e2me vivra\u2026\u00a0\u00bb<\/em><\/p>\n\n\n\n<p>Le p\u00e9ch\u00e9 rendait la loi impossible \u00e0 suivre pour le peuple de Dieu. Dieu a donc d\u00e9cid\u00e9 d&rsquo;intervenir plus directement. C&rsquo;est ce que ces chapitres nous rappellent. Ch 53, Dieu indique par qui il va intervenir : son Serviteur. Ch 55, Dieu indique pour qui il intervient : pour tous, m\u00eame ceux qui n&rsquo;y auraient pas droit. Avis \u00e0 ceux qui voudraient garder le salut rien que pour eux ! Ch 54, Dieu indique pourquoi il fait cela et c&rsquo;est que nous allons voir d&rsquo;un peu plus pr\u00e8s.<\/p>\n\n\n\n<h2 class=\"wp-block-heading\">Esa\u00efe 54v7-10<\/h2>\n\n\n\n<blockquote class=\"wp-block-quote\"><p>7 Pour un petit moment, je t\u2019ai abandonn\u00e9e, mais avec beaucoup de tendresse je vais te rassembler. 8 Dans le d\u00e9cha\u00eenement de mon indignation, je t\u2019ai cach\u00e9 ma face pour un petit instant, mais dans mon amour \u00e9ternel, j\u2019ai de la tendresse pour toi. C\u2019est l\u00e0 ce que d\u00e9clare ton lib\u00e9rateur, l\u2019\u00c9ternel. 9 \u00ab Car il en est pour moi comme au temps de No\u00e9.<br> J\u2019avais jur\u00e9 alors que les eaux du d\u00e9luge ne submergeraient plus la terre.<br> De m\u00eame, je fais le serment de ne plus m\u2019irriter \u00e0 ton encontre, et de ne plus t\u2019adresser de reproches. 10 M\u00eame si les montagnes se mettaient \u00e0 bouger, m\u00eame si les collines venaient \u00e0 chanceler, mon amour envers toi ne bougera jamais ; mon alliance de paix ne chancellera pas, \u00bb d\u00e9clare l\u2019\u00c9ternel, rempli de tendresse pour toi.<\/p><\/blockquote>\n\n\n\n<h4 class=\"wp-block-heading\">v7 : \u00ab\u00a0Un court instant je t&rsquo;avais abandonn\u00e9\u2026\u00a0\u00bb <\/h4>\n\n\n\n<p>Isra\u00ebl, l&rsquo;\u00e9lue de Dieu, a au cours de son histoire rompu l&rsquo;alliance avec Dieu. Ceci a conduit Dieu a l&rsquo;abandonn\u00e9e un instant, dit-il. Le peuple s&rsquo;en est vite rendu compte\u2026 Comme le dit le m\u00eame verset \u00ab\u00a0\u2026 avec grande compassion, je te recueillerai\u2026\u00a0\u00bb<\/p>\n\n\n\n<p><strong>Dieu d\u00e9borde d&rsquo;amour et de compassion pour son peuple<\/strong> et ceux avec qui il fait alliance. Ce texte, isol\u00e9 de son contexte, donnerait envie de faire partie du peuple de Dieu, l&rsquo;Isra\u00ebl ancien. Mais, en raison de son contexte, cette proph\u00e9tie va bien au-del\u00e0 de l&rsquo;Isra\u00ebl ancien. <strong>Elle nous concerne, nous chr\u00e9tiens d&rsquo;origine pa\u00efenne, nous Eglise d&rsquo;aujourd&rsquo;hui.<\/strong> <\/p>\n\n\n\n<h4 class=\"wp-block-heading\">v8 \u00ab\u00a0Ton r\u00e9dempteur, l&rsquo;Eternel.\u00a0\u00bb<\/h4>\n\n\n\n<p>Le v8 termine en nommant celui qui parle  \u00ab\u00a0Ton r\u00e9dempteur, l&rsquo;Eternel\u00a0\u00bb. <strong>Le r\u00e9dempteur est celui qui rach\u00e8te<\/strong>, non pour s&rsquo;approprier de la chose rachet\u00e9e, mais <strong>pour lui rendre sa libert\u00e9 et sa dignit\u00e9<\/strong>. Il n&rsquo;y a que les esclavagistes qui ach\u00e8tent pour asservir. Un r\u00e9dempteur, en revanche c&rsquo;est quelqu&rsquo;un que rach\u00e8te de l&rsquo;esclavage pour rendre libre.<\/p>\n\n\n\n<p>Esa\u00efe proph\u00e9tise 8 si\u00e8cles avant J\u00e9sus-Christ. Nous sommes en pr\u00e9sence et au c\u0153ur des <strong>proph\u00e9ties dites messianiques de l&rsquo;Ancien Testament<\/strong>, c&rsquo;est-\u00e0-dire celles qui parlent de la venue et de l\u2019\u0153uvre du Messie de Dieu. J\u00e9sus est venu il y a 2OOO ans. Peut-\u00eatre que tout cela nous parait lointain, mais cela ne change rien quant au contenu et la port\u00e9e !<\/p>\n\n\n\n<h4 class=\"wp-block-heading\"> v9 \u00ab\u00a0Comme au temps de No\u00e9 &#8230;\u00a0\u00bb<\/h4>\n\n\n\n<p>La r\u00e9habilitation devant Dieu bas\u00e9e sur la paix et l&rsquo;amour de Dieu, voil\u00e0 le grand but du r\u00e9dempteur. Dieu s&rsquo;y engage solennellement par son alliance. Vs 9 : \u00ab\u00a0Comme aux jours de No\u00e9\u2026\u00a0\u00bb A l&rsquo;\u00e9poque Dieu avait promis de plus jamais d\u00e9truire la terre par un d\u00e9luge. Comme l&rsquo;alliance avec No\u00e9 d\u00e9passait le cadre de la famille de No\u00e9, parce que c&rsquo;est avec la terre enti\u00e8re que Dieu a fait alliance, de la m\u00eame mani\u00e8re, l&rsquo;alliance que Dieu propose \u00e0 Isra\u00ebl va d\u00e9passer ce peuple en J\u00e9sus-Christ et sera ouverte \u00e0 toutes les nations. Isra\u00ebl peut accepter cette alliance nouvelle en J\u00e9sus-Christ, mais elle n&rsquo;est plus exclusivement r\u00e9serv\u00e9e \u00e0 Isra\u00ebl. Le ch 55 est donn\u00e9 \u00e0 ceux et celles qui doutent, il a une port\u00e9e universelle montrant que quand Dieu donne, il donne pleinement et totalement, il se donne en J\u00e9sus-Christ.<\/p>\n\n\n\n<h4 class=\"wp-block-heading\">Vs 1O : \u00ab\u00a0Quand les montagnes s&rsquo;\u00e9branleraient\u2026\u00a0\u00bb<\/h4>\n\n\n\n<p>Les montagnes repr\u00e9sentaient non seulement les \u00e9l\u00e9ments les plus anciens de la cr\u00e9ation, mais encore les plus solides. La r\u00e9f\u00e9rence \u00e0 ces \u00e9l\u00e9ments-l\u00e0 est ainsi faite et donn\u00e9e pour rassurer. Dieu aime, il aime beaucoup et plus encore, il aime m\u00eame au-del\u00e0 de ce qu&rsquo;on peut imaginer. Jean dans sa premi\u00e8re \u00e9p\u00eetre l&rsquo;\u00e9crit : Dieu est amour. C&rsquo;est dans son essence m\u00eame. Et c&rsquo;est une gr\u00e2ce pour nous. Tout comme le peuple nous sommes invit\u00e9s \u00e0 saisir cet amour.<\/p>\n\n\n\n<h3 class=\"wp-block-heading\">Rien ne pourra nous s\u00e9parer de l&rsquo;amour de Dieu <\/h3>\n\n\n\n<p>Dans l&rsquo;\u00e9p\u00eetre aux Romains, ch 8, nous trouvons un \u00e9cho \u00e0 cette affirmation de Dieu dans Esa\u00efe : rien ne pourra nous s\u00e9parer de l&rsquo;amour de Dieu. Le th\u00e8me de l&rsquo;amour de Dieu n&rsquo;est pas nouveau pour nous, nous connaissons ces textes. Cependant la question n&rsquo;est pas seulement de les conna\u00eetre, mais de s&rsquo;en saisir et d&rsquo;en vivre. Quand tout semble aller mal, m\u00eame ce qui nous semblait le plus solide et le plus s\u00fbr\u2026 <\/p>\n\n\n\n<p>Nous avons tous nos r\u00e9f\u00e9rences en ce qui concerne la solidit\u00e9, pour l&rsquo;un ce sera son couple ou sa famille, pour l&rsquo;autre ce sera son travail, sa profession, pour un autre son engagement dans telle cause qui lui semblait noble, pour un autre encore sa sant\u00e9, sa maison, ses loisirs\u2026 et tout \u00e0 coup ces points de r\u00e9f\u00e9rence se mettent \u00e0 chanceler\u2026 Ne pensons pas que ces exemples sont un peu na\u00effs\u2026 ils sont autant de montagnes et de collines que nous pouvons croire s\u00fbrs et qui, soudainement, se mettent \u00e0 chanceler, s&rsquo;\u00e9branlent\u2026 Que devenons-nous alors ?  A quoi nous accrochons-nous ? Que faisons-nous de la bienveillance et de l&rsquo;amour de Dieu ? Que faisons-nous de l&rsquo;alliance de paix ?<\/p>\n\n\n\n<p><strong>Il nous appartient de nous examiner pour savoir ce qui fait le centre de notre vie, qu\u2019est-ce qui est le moteur de notre vie, en quoi ou en qui nous mettons nos espoirs\u2026 <\/strong><\/p>\n\n\n\n<h3 class=\"wp-block-heading\">Isra\u00ebl nous est donn\u00e9 en exemple<\/h3>\n\n\n\n<p>Isra\u00ebl n\u2019a pas \u00e9cart\u00e9 totalement Dieu de sa vie, non, il l\u2019a simplement mis \u00e0 c\u00f4t\u00e9 d\u2019autres dieux, des idoles, des faux-dieux. Ce qui lui permettait d\u2019avoir comme d\u2019autres peuples de son \u00e9poque, un dieu pour chaque chose : fertilit\u00e9, bonheur, guerre, paix\u2026 <\/p>\n\n\n\n<p>En cela nous lui ressemblons plus que nous le croyons. Nous aussi nous segmentons et fractionnons notre vie en diff\u00e9rents aspects, nous s\u00e9parons notre r\u00e9alit\u00e9 en diff\u00e9rentes parties pensant qu\u2019on ne peut pas, qu\u2019il ne faut pas m\u00e9langer\u2026 travail, loisirs, famille, <a href=\"https:\/\/agen.umc-europe.org\/eglise\/la-dime-dieu-et-mon-argent-dans-leglise\/\">argent<\/a>, Eglise, \u00e9tudes, Dieu, engagements divers\u2026 En classant et en s\u00e9parant, en compartimentant et en cat\u00e9gorisant, nous emp\u00eachons, voire nous refusons, les liens qui existent de fait entre ces diff\u00e9rentes parties de notre r\u00e9alit\u00e9. <\/p>\n\n\n\n<p>Notre vie est un tout et ce n\u2019est peut-\u00eatre pas pour rien que le stress, nouvelle maladie de l\u2019\u00eatre humain moderne, est en continuelle progression. Pourquoi ? Parce qu\u2019on se pr\u00e9occupe d\u2019un seul compartiment sans tenir particuli\u00e8rement compte du reste de la r\u00e9alit\u00e9 de notre vie. Et finalement on court d\u2019un compartiment \u00e0 l\u2019autre jusqu\u2019\u00e0 \u00e9puisement de notre personne soit physiquement, soit moralement. Et lorsqu\u2019un de ces compartiments chancelle, nous nous retrouvons tr\u00e8s vite d\u00e9stabilis\u00e9s, notre vie s\u2019en trouve boulevers\u00e9e. Que dit-on alors ? \u00ab\u00a0Je n\u2019ai plus de temps pour moi ! Il faut aussi que je m\u2019occupe un peu de moi !\u00a0\u00bb Et du coup on rajoute un compartiment !<\/p>\n\n\n\n<h3 class=\"wp-block-heading\">Remettons nos vies enti\u00e8res \u00e0 Dieu<\/h3>\n\n\n\n<p>Dieu ne nous voit certainement pas comme un  grand casier avec plein de compartiments ! Et surtout, Dieu n\u2019entre pas dans l\u2019un de nos compartiments tel que nous voudrions lui en assigner un. <strong>Dieu nous voit enti\u00e8rement, il nous aime enti\u00e8rement et il nous invite \u00e0 le suivre enti\u00e8rement.<\/strong> Ceci ne peut passer par des petits ou grands compartiments, mais par un renouvellement de notre vision sur notre propre vie. <\/p>\n\n\n\n<p>La promesse de Dieu est certaine : \u00ab\u00a0Quand les montagnes chancelleraient, quand les collines s\u2019\u00e9branleraient, mon amour pour toi et mon alliance de paix ne s\u2019arr\u00eatera pas\u2026\u00a0\u00bb C\u2019est \u00e0 partir du regard de Dieu et de son engagement pour nous qu\u2019il nous faut apprendre \u00e0 regarder la r\u00e9alit\u00e9 de notre vie dans toutes ses dimensions. Bien s\u00fbr que nous avons diff\u00e9rentes dimensions dans notre r\u00e9alit\u00e9, mais nous sommes une seule personne aim\u00e9e de Dieu et il nous appartient de vivre notre r\u00e9alit\u00e9 dans l\u2019optique de Dieu.<\/p>\n\n\n\n<p><strong>Confessons notre manque de confiance en Dieu, notre manque de fid\u00e9lit\u00e9 \u00e0 Dieu et remettons-lui r\u00e9ellement notre vie.<\/strong> Nous constaterons avec joie et reconnaissance que m\u00eame si les montagnes venaient \u00e0 chanceler, l\u2019amour de Dieu pour nous ne chancelle pas, ni son alliance de paix.<\/p>\n\n\n\n<h3 class=\"wp-block-heading\">Un dernier mot au sujet de l\u2019alliance<\/h3>\n\n\n\n<p>Une alliance est effective lorsque les deux parties s\u2019engagent. Dieu nous accorde sa paix, mais celle-ci ne sera effective en nous que si nous l\u2019acceptons ! En m\u00eame temps, Dieu est pr\u00eat \u00e0 nous aider \u00e0 l\u2019accepter parce qu\u2019il sait que nous en avons besoin. <\/p>\n\n\n\n<p>Pourquoi fait-il cela pour nous ? Pourquoi a-t-il tant de patience et de pers\u00e9v\u00e9rance avec nous nous ? R\u00e9ponse fin du vs 1O : Parce qu\u2019il a compassion de nous. La compassion, c\u2019est le m\u00eame mot que mis\u00e9ricorde, en h\u00e9breu cela signifie \u00ab\u00a0Avoir un c\u0153ur qui br\u00fble pour l\u2019autre.\u00a0\u00bb <\/p>\n\n\n\n<p>Alors reprenons courage en nous rappelant que Dieu a un c\u0153ur qui br\u00fble d\u2019amour pour chacun de nous ! Amen. <\/p>\n\n\n\n<p>Pr\u00e9dication d&rsquo;Etienne Rudolph le 26\/09\/2004, mis en ligne en 2019.<\/p>\n","protected":false},"excerpt":{"rendered":"<p>Avant de m\u00e9diter ces 3-4 versets, je vous propose de voir dans quel contexte ils ont \u00e9t\u00e9 \u00e9crits. Ils s&rsquo;inscrivent dans une suite logique o\u00f9 l&rsquo;intervention de Dieu va changer la relation entre Dieu et les hommes. Dans les chapitres pr\u00e9c\u00e9dents, on trouve des promesses pour Isra\u00ebl et J\u00e9rusalem, promesses&#8230;<\/p>\n","protected":false},"author":2,"featured_media":6060,"comment_status":"open","ping_status":"closed","sticky":false,"template":"","format":"standard","meta":{"_monsterinsights_skip_tracking":false,"_monsterinsights_sitenote_active":false,"_monsterinsights_sitenote_note":"","_monsterinsights_sitenote_category":0,"footnotes":""},"categories":[40],"tags":[82,208,270],"yoast_head":"<!-- This site is optimized with the Yoast SEO plugin v21.9.1 - https:\/\/yoast.com\/wordpress\/plugins\/seo\/ -->\n<title>Esa\u00efe 54v7-10 : Rien ne pourra nous s\u00e9parer de l&#039;amour de Dieu - \u00c9glise Protestante \u00c9vang\u00e9lique M\u00e9thodiste Agen<\/title>\n<meta name=\"description\" content=\"Les promesses d&#039;Esa\u00efe 54 ne sont plus seulement pour Isra\u00ebl, mais il s&#039;agit bien d&#039;une r\u00e9habilitation destin\u00e9e \u00e0 chaque \u00eatre humain devant Dieu. Dieu a un c\u0153ur qui br\u00fble d\u2019amour pour chacun de nous !\" \/>\n<meta name=\"robots\" content=\"index, follow, max-snippet:-1, max-image-preview:large, max-video-preview:-1\" \/>\n<link rel=\"canonical\" href=\"https:\/\/agen.umc-europe.org\/eglise\/esaie-54v7-10-rien-ne-pourra-nous-separer-de-amour-de-dieu\/\" \/>\n<meta property=\"og:locale\" content=\"fr_FR\" \/>\n<meta property=\"og:type\" content=\"article\" \/>\n<meta property=\"og:title\" content=\"Esa\u00efe 54v7-10 : Rien ne pourra nous s\u00e9parer de l&#039;amour de Dieu - \u00c9glise Protestante \u00c9vang\u00e9lique M\u00e9thodiste Agen\" \/>\n<meta property=\"og:description\" content=\"Les promesses d&#039;Esa\u00efe 54 ne sont plus seulement pour Isra\u00ebl, mais il s&#039;agit bien d&#039;une r\u00e9habilitation destin\u00e9e \u00e0 chaque \u00eatre humain devant Dieu. Dieu a un c\u0153ur qui br\u00fble d\u2019amour pour chacun de nous !\" \/>\n<meta property=\"og:url\" content=\"https:\/\/agen.umc-europe.org\/eglise\/esaie-54v7-10-rien-ne-pourra-nous-separer-de-amour-de-dieu\/\" \/>\n<meta property=\"og:site_name\" content=\"\u00c9glise Protestante \u00c9vang\u00e9lique M\u00e9thodiste Agen\" \/>\n<meta property=\"article:publisher\" content=\"https:\/\/www.facebook.com\/EgliseAgen\/\" \/>\n<meta property=\"article:published_time\" content=\"2019-11-03T10:47:31+00:00\" \/>\n<meta property=\"article:modified_time\" content=\"2021-10-18T15:25:07+00:00\" \/>\n<meta property=\"og:image\" content=\"https:\/\/agen.umc-europe.org\/eglise\/wp-content\/uploads\/2020\/05\/amour-compassion.jpg\" \/>\n\t<meta property=\"og:image:width\" content=\"1025\" \/>\n\t<meta property=\"og:image:height\" content=\"300\" \/>\n\t<meta property=\"og:image:type\" content=\"image\/jpeg\" \/>\n<meta name=\"author\" content=\"eglise.agen\" \/>\n<meta name=\"twitter:card\" content=\"summary_large_image\" \/>\n<meta name=\"twitter:creator\" content=\"@EgliseAgen\" \/>\n<meta name=\"twitter:site\" content=\"@EgliseAgen\" \/>\n<meta name=\"twitter:label1\" content=\"\u00c9crit par\" \/>\n\t<meta name=\"twitter:data1\" content=\"eglise.agen\" \/>\n\t<meta name=\"twitter:label2\" content=\"Dur\u00e9e de lecture estim\u00e9e\" \/>\n\t<meta name=\"twitter:data2\" content=\"8 minutes\" \/>\n<script type=\"application\/ld+json\" class=\"yoast-schema-graph\">{\"@context\":\"https:\/\/schema.org\",\"@graph\":[{\"@type\":\"WebPage\",\"@id\":\"https:\/\/agen.umc-europe.org\/eglise\/esaie-54v7-10-rien-ne-pourra-nous-separer-de-amour-de-dieu\/\",\"url\":\"https:\/\/agen.umc-europe.org\/eglise\/esaie-54v7-10-rien-ne-pourra-nous-separer-de-amour-de-dieu\/\",\"name\":\"Esa\u00efe 54v7-10 : Rien ne pourra nous s\u00e9parer de l'amour de Dieu - \u00c9glise Protestante \u00c9vang\u00e9lique M\u00e9thodiste Agen\",\"isPartOf\":{\"@id\":\"https:\/\/agen.umc-europe.org\/eglise\/#website\"},\"datePublished\":\"2019-11-03T10:47:31+00:00\",\"dateModified\":\"2021-10-18T15:25:07+00:00\",\"author\":{\"@id\":\"https:\/\/agen.umc-europe.org\/eglise\/#\/schema\/person\/e4e75e8bdea6a53fc59d926ccb55abe7\"},\"description\":\"Les promesses d'Esa\u00efe 54 ne sont plus seulement pour Isra\u00ebl, mais il s'agit bien d'une r\u00e9habilitation destin\u00e9e \u00e0 chaque \u00eatre humain devant Dieu. Dieu a un c\u0153ur qui br\u00fble d\u2019amour pour chacun de nous !\",\"breadcrumb\":{\"@id\":\"https:\/\/agen.umc-europe.org\/eglise\/esaie-54v7-10-rien-ne-pourra-nous-separer-de-amour-de-dieu\/#breadcrumb\"},\"inLanguage\":\"fr-FR\",\"potentialAction\":[{\"@type\":\"ReadAction\",\"target\":[\"https:\/\/agen.umc-europe.org\/eglise\/esaie-54v7-10-rien-ne-pourra-nous-separer-de-amour-de-dieu\/\"]}]},{\"@type\":\"BreadcrumbList\",\"@id\":\"https:\/\/agen.umc-europe.org\/eglise\/esaie-54v7-10-rien-ne-pourra-nous-separer-de-amour-de-dieu\/#breadcrumb\",\"itemListElement\":[{\"@type\":\"ListItem\",\"position\":1,\"name\":\"Accueil\",\"item\":\"https:\/\/agen.umc-europe.org\/eglise\/\"},{\"@type\":\"ListItem\",\"position\":2,\"name\":\"Esa\u00efe 54v7-10 : Rien ne pourra nous s\u00e9parer de l&rsquo;amour de Dieu\"}]},{\"@type\":\"WebSite\",\"@id\":\"https:\/\/agen.umc-europe.org\/eglise\/#website\",\"url\":\"https:\/\/agen.umc-europe.org\/eglise\/\",\"name\":\"\u00c9glise Protestante \u00c9vang\u00e9lique M\u00e9thodiste Agen\",\"description\":\"Des chr\u00e9tiens \u00e9vang\u00e9liques au coeur du Lot et Garonne. &quot;Viens et vois!&quot; ( Jean 1:47 )\",\"potentialAction\":[{\"@type\":\"SearchAction\",\"target\":{\"@type\":\"EntryPoint\",\"urlTemplate\":\"https:\/\/agen.umc-europe.org\/eglise\/?s={search_term_string}\"},\"query-input\":\"required name=search_term_string\"}],\"inLanguage\":\"fr-FR\"},{\"@type\":\"Person\",\"@id\":\"https:\/\/agen.umc-europe.org\/eglise\/#\/schema\/person\/e4e75e8bdea6a53fc59d926ccb55abe7\",\"name\":\"eglise.agen\",\"description\":\"Administateur du site de l'\u00e9glise d'Agen\",\"sameAs\":[\"https:\/\/agen.umc-europe.org\/eglise\/\"],\"url\":\"https:\/\/agen.umc-europe.org\/eglise\/author\/eem_agen\/\"}]}<\/script>\n<!-- \/ Yoast SEO plugin. -->","yoast_head_json":{"title":"Esa\u00efe 54v7-10 : Rien ne pourra nous s\u00e9parer de l'amour de Dieu - \u00c9glise Protestante \u00c9vang\u00e9lique M\u00e9thodiste Agen","description":"Les promesses d'Esa\u00efe 54 ne sont plus seulement pour Isra\u00ebl, mais il s'agit bien d'une r\u00e9habilitation destin\u00e9e \u00e0 chaque \u00eatre humain devant Dieu. Dieu a un c\u0153ur qui br\u00fble d\u2019amour pour chacun de nous !","robots":{"index":"index","follow":"follow","max-snippet":"max-snippet:-1","max-image-preview":"max-image-preview:large","max-video-preview":"max-video-preview:-1"},"canonical":"https:\/\/agen.umc-europe.org\/eglise\/esaie-54v7-10-rien-ne-pourra-nous-separer-de-amour-de-dieu\/","og_locale":"fr_FR","og_type":"article","og_title":"Esa\u00efe 54v7-10 : Rien ne pourra nous s\u00e9parer de l'amour de Dieu - \u00c9glise Protestante \u00c9vang\u00e9lique M\u00e9thodiste Agen","og_description":"Les promesses d'Esa\u00efe 54 ne sont plus seulement pour Isra\u00ebl, mais il s'agit bien d'une r\u00e9habilitation destin\u00e9e \u00e0 chaque \u00eatre humain devant Dieu. Dieu a un c\u0153ur qui br\u00fble d\u2019amour pour chacun de nous !","og_url":"https:\/\/agen.umc-europe.org\/eglise\/esaie-54v7-10-rien-ne-pourra-nous-separer-de-amour-de-dieu\/","og_site_name":"\u00c9glise Protestante \u00c9vang\u00e9lique M\u00e9thodiste Agen","article_publisher":"https:\/\/www.facebook.com\/EgliseAgen\/","article_published_time":"2019-11-03T10:47:31+00:00","article_modified_time":"2021-10-18T15:25:07+00:00","og_image":[{"width":1025,"height":300,"url":"https:\/\/agen.umc-europe.org\/eglise\/wp-content\/uploads\/2020\/05\/amour-compassion.jpg","type":"image\/jpeg"}],"author":"eglise.agen","twitter_card":"summary_large_image","twitter_creator":"@EgliseAgen","twitter_site":"@EgliseAgen","twitter_misc":{"\u00c9crit par":"eglise.agen","Dur\u00e9e de lecture estim\u00e9e":"8 minutes"},"schema":{"@context":"https:\/\/schema.org","@graph":[{"@type":"WebPage","@id":"https:\/\/agen.umc-europe.org\/eglise\/esaie-54v7-10-rien-ne-pourra-nous-separer-de-amour-de-dieu\/","url":"https:\/\/agen.umc-europe.org\/eglise\/esaie-54v7-10-rien-ne-pourra-nous-separer-de-amour-de-dieu\/","name":"Esa\u00efe 54v7-10 : Rien ne pourra nous s\u00e9parer de l'amour de Dieu - \u00c9glise Protestante \u00c9vang\u00e9lique M\u00e9thodiste Agen","isPartOf":{"@id":"https:\/\/agen.umc-europe.org\/eglise\/#website"},"datePublished":"2019-11-03T10:47:31+00:00","dateModified":"2021-10-18T15:25:07+00:00","author":{"@id":"https:\/\/agen.umc-europe.org\/eglise\/#\/schema\/person\/e4e75e8bdea6a53fc59d926ccb55abe7"},"description":"Les promesses d'Esa\u00efe 54 ne sont plus seulement pour Isra\u00ebl, mais il s'agit bien d'une r\u00e9habilitation destin\u00e9e \u00e0 chaque \u00eatre humain devant Dieu. Dieu a un c\u0153ur qui br\u00fble d\u2019amour pour chacun de nous !","breadcrumb":{"@id":"https:\/\/agen.umc-europe.org\/eglise\/esaie-54v7-10-rien-ne-pourra-nous-separer-de-amour-de-dieu\/#breadcrumb"},"inLanguage":"fr-FR","potentialAction":[{"@type":"ReadAction","target":["https:\/\/agen.umc-europe.org\/eglise\/esaie-54v7-10-rien-ne-pourra-nous-separer-de-amour-de-dieu\/"]}]},{"@type":"BreadcrumbList","@id":"https:\/\/agen.umc-europe.org\/eglise\/esaie-54v7-10-rien-ne-pourra-nous-separer-de-amour-de-dieu\/#breadcrumb","itemListElement":[{"@type":"ListItem","position":1,"name":"Accueil","item":"https:\/\/agen.umc-europe.org\/eglise\/"},{"@type":"ListItem","position":2,"name":"Esa\u00efe 54v7-10 : Rien ne pourra nous s\u00e9parer de l&rsquo;amour de Dieu"}]},{"@type":"WebSite","@id":"https:\/\/agen.umc-europe.org\/eglise\/#website","url":"https:\/\/agen.umc-europe.org\/eglise\/","name":"\u00c9glise Protestante \u00c9vang\u00e9lique M\u00e9thodiste Agen","description":"Des chr\u00e9tiens \u00e9vang\u00e9liques au coeur du Lot et Garonne. &quot;Viens et vois!&quot; ( Jean 1:47 )","potentialAction":[{"@type":"SearchAction","target":{"@type":"EntryPoint","urlTemplate":"https:\/\/agen.umc-europe.org\/eglise\/?s={search_term_string}"},"query-input":"required name=search_term_string"}],"inLanguage":"fr-FR"},{"@type":"Person","@id":"https:\/\/agen.umc-europe.org\/eglise\/#\/schema\/person\/e4e75e8bdea6a53fc59d926ccb55abe7","name":"eglise.agen","description":"Administateur du site de l'\u00e9glise d'Agen","sameAs":["https:\/\/agen.umc-europe.org\/eglise\/"],"url":"https:\/\/agen.umc-europe.org\/eglise\/author\/eem_agen\/"}]}},"views":17087,"_links":{"self":[{"href":"https:\/\/agen.umc-europe.org\/eglise\/wp-json\/wp\/v2\/posts\/5444"}],"collection":[{"href":"https:\/\/agen.umc-europe.org\/eglise\/wp-json\/wp\/v2\/posts"}],"about":[{"href":"https:\/\/agen.umc-europe.org\/eglise\/wp-json\/wp\/v2\/types\/post"}],"author":[{"embeddable":true,"href":"https:\/\/agen.umc-europe.org\/eglise\/wp-json\/wp\/v2\/users\/2"}],"replies":[{"embeddable":true,"href":"https:\/\/agen.umc-europe.org\/eglise\/wp-json\/wp\/v2\/comments?post=5444"}],"version-history":[{"count":8,"href":"https:\/\/agen.umc-europe.org\/eglise\/wp-json\/wp\/v2\/posts\/5444\/revisions"}],"predecessor-version":[{"id":6424,"href":"https:\/\/agen.umc-europe.org\/eglise\/wp-json\/wp\/v2\/posts\/5444\/revisions\/6424"}],"wp:featuredmedia":[{"embeddable":true,"href":"https:\/\/agen.umc-europe.org\/eglise\/wp-json\/wp\/v2\/media\/6060"}],"wp:attachment":[{"href":"https:\/\/agen.umc-europe.org\/eglise\/wp-json\/wp\/v2\/media?parent=5444"}],"wp:term":[{"taxonomy":"category","embeddable":true,"href":"https:\/\/agen.umc-europe.org\/eglise\/wp-json\/wp\/v2\/categories?post=5444"},{"taxonomy":"post_tag","embeddable":true,"href":"https:\/\/agen.umc-europe.org\/eglise\/wp-json\/wp\/v2\/tags?post=5444"}],"curies":[{"name":"wp","href":"https:\/\/api.w.org\/{rel}","templated":true}]}}