{"id":3748,"date":"2017-09-24T12:05:24","date_gmt":"2017-09-24T11:05:24","guid":{"rendered":"http:\/\/agen.umc-europe.org\/eglise\/?p=3748"},"modified":"2020-05-05T15:56:20","modified_gmt":"2020-05-05T14:56:20","slug":"actes-2-et-3-une-eglise-qui-porte-du-fruit","status":"publish","type":"post","link":"https:\/\/agen.umc-europe.org\/eglise\/actes-2-et-3-une-eglise-qui-porte-du-fruit\/","title":{"rendered":"Une \u00e9glise qui porte du fruit (Actes 2v37-3v11)"},"content":{"rendered":"<p>Nos motivations en participant \u00e0 la vie de l\u2019<a href=\"https:\/\/agen.umc-europe.org\/eglise\/psaume-133-matthieu-18v19-20-leglise-locale-lieu-benediction\/\">\u00e9glise locale<\/a> sont diff\u00e9rentes\u00a0: nous pouvons avoir envie de d\u00e9couvrir quelque chose qui nous manque\u00a0; nous venons pour consommer, recevoir une nourriture et nous faire du bien (dans ce cas, la vie dans <a href=\"https:\/\/agen.umc-europe.org\/eglise\/faq-spiritualite\/eglise-de-jesus-christ\/\">l\u2019\u00e9glise<\/a> se r\u00e9sume au culte\u00a0; \u00ab\u00a0et ce matin, y\u2019a pas grand\u2019 chose \u00e0 se mettre sous la dent\u2026\u00a0\u00bb)\u00a0; ou encore, nous y vivons un engagement plus grand, par une participation concr\u00e8te, par la parole, par notre don, par la pri\u00e8re.<\/p>\n<p>O\u00f9 que nous en soyons, allons un peu plus profond\u00e9ment\u00a0: avons-nous le d\u00e9sir que l\u2019\u00e9glise grandisse, progresse\u00a0? Si c\u2019est le cas, alors cela signifie que nous ne vivons pas dans l\u2019Eglise pour nous-m\u00eames seulement.\u00a0Mais m\u00eame pour ce but, on peut d\u00e9sirer voir l\u2019Eglise grandir\u2026 pour que les difficult\u00e9s financi\u00e8res soient r\u00e9solues, ou\u00a0 qlou\u2019il y ait des jeunes et des jeunes familles\u00a0 afin que l\u2019avenir de l\u2019Eglise soit assur\u00e9, ou parce qu\u2019on aime quand il y a du monde.\u00a0Mais l\u00e0 encore, les motivations sont centr\u00e9es sur nous-m\u00eames\u2026 Il est possible de vivre avec d\u2019autres motivations, \u00e0 savoir pour que d\u2019autres personnes d\u00e9couvrent une vie \u00e9panouie avec Dieu et que l\u2019Eglise s\u2019affermisse.<\/p>\n<p>Nous trouvons dans les chapitres 2 et 3 du livre des Actes des ap\u00f4tres\u00a0<strong>une Eglise qui progresse, parce que <a href=\"https:\/\/agen.umc-europe.org\/eglise\/actes-12-les-differentes-manieres-dagir-de-dieu\/\">Dieu agit<\/a><\/strong>. Mais en m\u00eame temps, Luc montre que cette progression est li\u00e9e \u00e0 ce que ces chr\u00e9tiens vivaient ensemble.\u00a0<strong>Plusieurs principes v\u00e9cus permettent \u00e0 Dieu d\u2019agir et \u00e0 l\u2019Eglise de porter des fruits.<\/strong> Nous allons nous y arr\u00eater en nous rappelant que Dieu donne l\u00e0 un cadre qui lui permet d\u2019agir.<\/p>\n<p><!--more--><\/p>\n<!--[if lt IE 9]><script>document.createElement('audio');<\/script><![endif]-->\n<audio class=\"wp-audio-shortcode\" id=\"audio-3748-1\" preload=\"none\" style=\"width: 100%;\" controls=\"controls\"><source type=\"audio\/mpeg\" src=\"https:\/\/agen.umc-europe.org\/eglise\/wp-content\/uploads\/2017\/10\/20170924-Jean-Ruben.mp3?_=1\" \/><a href=\"https:\/\/agen.umc-europe.org\/eglise\/wp-content\/uploads\/2017\/10\/20170924-Jean-Ruben.mp3\">https:\/\/agen.umc-europe.org\/eglise\/wp-content\/uploads\/2017\/10\/20170924-Jean-Ruben.mp3<\/a><\/audio>\n<p>Ces principes peuvent \u00eatre compar\u00e9s aux min\u00e9raux n\u00e9cessaires \u00e0 la croissance d\u2019une plante\u00a0: il lui faut, para\u00eet-il, de l\u2019azote, de la chaux, de l\u2019acide phosphorique et de la potasse\u00a0; et gr\u00e2ce au soleil, s\u2019ils sont pr\u00e9sents, la croissance se fera toute seule. Mais s\u2019il manque 1 de ces 4 \u00e9l\u00e9ments, le d\u00e9veloppement ne sera pas normal. Et si le jardinier pense\u00a0: \u00ab\u00a0Je vais mettre 2 fois plus de potasse\u00a0\u00bb, l\u2019exc\u00e8s risque d\u2019empoisonner le sol. Le d\u00e9s\u00e9quilibre \u00e0 cause de l\u2019insistance sur un des points ou de l\u2019abandon de l\u2019un d\u2019entre eux ne permettra pas un d\u00e9veloppement harmonieux\u00a0; dans l\u2019Eglise, idem.<\/p>\n<p>Quels sont les points fondamentaux que Dieu a voulus pour l\u2019Eglise\u00a0? Ils ne sont pas par ordre d\u2019importance.<\/p>\n<h2>1) Des relations profondes dans l&rsquo;\u00e9glise<\/h2>\n<p>\u00ab\u00a0Ils pers\u00e9v\u00e9raient dans la communion fraternelle\u00a0\u00bb (Actes 2v42)\u00a0; \u00ab\u00a0ils rompaient le pain dans les maisons et prenaient leur nourriture avec joie et simplicit\u00e9 de c\u0153ur\u00a0\u00bb (v46).<\/p>\n<p>Ils vivaient donc un accueil mutuel profond. Ils cultivaient cette nouvelle dimension qui existait de par le fait qu\u2019ils faisaient partie de la m\u00eame famille. Et s\u2019ils pers\u00e9v\u00e9raient en cela, c\u2019est que ce n\u2019\u00e9tait peut-\u00eatre pas, d\u00e9j\u00e0 \u00e0 l\u2019\u00e9poque, toujours \u00e9vident de continuer \u00e0 vivre ainsi.<\/p>\n<p>Cette communion se traduisait en actes, et cela en passant du temps ensemble, dans le cadre des rencontres de l\u2019Eglise mais aussi dans leurs maisons o\u00f9 la convivialit\u00e9 est plus propice \u00e0 une meilleure connaissance.<\/p>\n<p>La cons\u00e9quence d\u2019une telle attitude\u00a0? \u00ab\u00a0Le peuple tout entier leur \u00e9tait favorable\u00a0\u00bb et\u00a0: \u00ab\u00a0le Seigneur ajoutait chaque jour \u00e0 leur communaut\u00e9 ceux qu\u2019il sauvait\u00a0\u00bb (Actes 2v47).<\/p>\n<p>Est-ce que vous avez invit\u00e9 ces derniers temps des amis de l\u2019Eglise\u00a0pour un repas ou un caf\u00e9\u00a0? Ou pris de leurs nouvelles par t\u00e9l\u00e9phone\u00a0? Allez-vous vers les autres avant et apr\u00e8s le culte, en vous int\u00e9ressant \u00e0 ce qu\u2019ils ont v\u00e9cu ou \u00e0 leurs projets\u00a0? Cultivez-vous des relations avec des personnes ext\u00e9rieures \u00e0 l\u2019Eglise ou \u00e0 votre famille\u00a0? Ces relations sont autant d\u2019occasions favorables pour t\u00e9moigner, et pour Dieu de toucher leur c\u0153ur quand il les visitera (1 Pierre 2v12).<\/p>\n<p>C\u2019est la joie et la simplicit\u00e9 qui devraient aussi nous animer. La simplicit\u00e9 s\u2019oppose \u00e0 la duplicit\u00e9\u00a0; c\u2019est le fait d\u2019\u00eatre entier. Il s\u2019agit donc d\u2019une hospitalit\u00e9 radicale. Colossiens 3v12-14.<\/p>\n<p>Nous avons du plaisir d\u2019\u00eatre ainsi accueillis et c\u2019est la m\u00eame chose que ressentent les autres. C\u2019est bon de se rappeler que le Seigneur nous a accueillis comme nous \u00e9tions et cela nous permet de souhaiter de rester en sa pr\u00e9sence.<\/p>\n<p>L\u00e0 o\u00f9 l\u2019amour fait d\u00e9faut, le d\u00e9veloppement de l\u2019Eglise est compromis.<\/p>\n<h2>2) Des r\u00e9unions vivantes dans l&rsquo;\u00e9glise.<\/h2>\n<p>Ces premiers chr\u00e9tiens vivaient intens\u00e9ment leurs <strong>rencontres en commun<\/strong>. \u00ab\u00a0D\u00e8s lors [d\u00e8s leur conversion], ils s\u2019attachaient \u00e0 \u00e9couter assid\u00fbment l\u2019enseignement des ap\u00f4tres, \u00e0 rompre le pain et \u00e0 prier ensemble\u00a0\u00bb (Actes 2v42)\u00a0; \u00ab\u00a0tous les jours, d\u2019un commun accord, ils se retrouvaient dans la cour du Temple\u00a0\u00bb (v46)\u00a0; \u00ab\u00a0ils louaient Dieu\u00a0\u00bb (v47).<\/p>\n<p>Il faudrait voir dans les \u00e9p\u00eetres comment ils vivaient <strong>les cultes<\/strong> en particulier, mais une dominante est la participation de plusieurs\u00a0; par exemple\u00a0: <em>\u00ab\u00a0Que la Parole du Christ\u00a0r\u00e9side au milieu de vous dans toute sa richesse\u00a0; qu\u2019elle vous inspire une pleine sagesse pour vous instruire et vous avertir les uns les autres ou pour chanter \u00e0 Dieu de tout votre c\u0153ur des psaumes, des hymnes ou des cantiques inspir\u00e9s par l\u2019Esprit afin d\u2019exprimer votre reconnaissance \u00e0 Dieu\u00a0\u00bb<\/em> (Colossiens 3v16).<\/p>\n<p>On peut relever l\u2019importance de la place de la Parole du Christ, de la participation de plusieurs, de l\u2019engagement (\u00ab\u00a0de tout votre c\u0153ur\u00a0\u00bb) et de la reconnaissance et de la louange. Le mot <em>enthousiasme<\/em> signifie litt\u00e9ralement <em>inspir\u00e9 par Dieu\u00a0<\/em>: c\u2019est cela qui rend nos cultes et nos r\u00e9unions vivants et attractifs.<\/p>\n<p>Cette passion dans le culte est aussi un reflet de notre mani\u00e8re de <a href=\"https:\/\/agen.umc-europe.org\/eglise\/2-corinthiens-12-notre-faiblesse-dans-la-priere-est-notre-force\/\">prier d\u2019une mani\u00e8re authentique<\/a>, de chanter avec ferveur, en vivant les paroles devant Dieu\u00a0; je connais une dame qui s\u2019est tourn\u00e9e vers Dieu parce qu\u2019elle a \u00e9t\u00e9 touch\u00e9e par la mani\u00e8re de chanter d\u2019une chr\u00e9tienne derri\u00e8re elle.<\/p>\n<p>Il n\u2019y a donc pas que celui qui parle qui rend le culte vivant et passionnant. Et c\u2019est cela qui touche les personnes qui viennent de l\u2019ext\u00e9rieur et qui enrichit chacun.<\/p>\n<p>. La passion n\u2019est rien sans un message passionnant\u00a0: le d\u00e9veloppement de la foi est une cons\u00e9quence de l\u2019annonce de l\u2019\u00e9vangile\u00a0; le message qui a touch\u00e9 des milliers de personnes <a href=\"https:\/\/agen.umc-europe.org\/eglise\/de-babel-a-la-pentecote-dieu-intervient\/\">le jour de la Pentec\u00f4te<\/a>, donn\u00e9 par Pierre, \u00e9tait centr\u00e9 sur le retour vers Dieu (par la repentance et la conversion) et sur l\u2019action de Dieu (par le pardon et <a href=\"https:\/\/agen.umc-europe.org\/eglise\/faq-spiritualite\/saint-esprit\/\">le don du Saint Esprit<\/a>).\u00a0Ce message aujourd\u2019hui est rejet\u00e9, bon pour des frustr\u00e9s qui ont besoin d\u2019\u00eatre d\u00e9culpabilis\u00e9s\u2026 Mais pourtant, l\u00e0 o\u00f9 il est donn\u00e9 et v\u00e9cu, des vies sont transform\u00e9es.<\/p>\n<p>Ces cultes \u00e9taient v\u00e9cus avec comme <a href=\"https:\/\/agen.umc-europe.org\/eglise\/1-thessaloniciens-4v1-croissance-du-chretien-de-progres-en-progres\/\">objectif de grandir dans la foi<\/a>.\u00a0Sommes-nous venus ce matin avec ce but\u00a0?<\/p>\n<p>Si la conversion et la nouvelle naissance marquent un tournant dans notre vie, notre objectif doit \u00eatre de continuer \u00e0 grandir dans la connaissance de Dieu et de sa volont\u00e9. Pour cela, les premiers chr\u00e9tiens mettaient l\u2019enseignement du Christ au centre, et ils pers\u00e9v\u00e9raient en cela (v42).<\/p>\n<p>\u00ab\u00a0La foi na\u00eet du message que l\u2019on entend, et ce message c\u2019est celui qui s\u2019appuie sur la parole du Christ\u00a0\u00bb (Romains 10v17). Pr\u00e9parer un message ou le recevoir, s\u2019il n\u2019y a pas ce d\u00e9sir de progresser dans la foi, ne sert pas \u00e0 grand\u2019 chose.<\/p>\n<p>L\u2019important n\u2019est pas tant la forme du culte que de savoir s\u2019il est le lieu o\u00f9 l\u2019on peut faire l\u2019exp\u00e9rience de la force de l\u2019Evangile.<\/p>\n<h2>3) Une grande g\u00e9n\u00e9rosit\u00e9 dans l&rsquo;\u00e9glise.<\/h2>\n<p>Cette g\u00e9n\u00e9rosit\u00e9 se vit \u00e0 plusieurs niveaux. Elle se vivait dans l\u2019\u00e9glise primitive \u00e0 travers cette recherche des besoins des autres et le fait d\u2019\u00eatre pr\u00eat \u00e0 leur donner ce qu\u2019il leur manquait\u00a0: \u00ab\u00a0Tous les croyants vivaient unis entre eux et partageaient tout ce qu\u2019ils poss\u00e9daient. Ils vendaient leurs propri\u00e9t\u00e9s et leurs biens et r\u00e9partissaient l\u2019argent entre tous, selon les besoins de chacun\u00a0\u00bb (Actes 2v44-45).<\/p>\n<p>S\u2019il n\u2019y a pas, chez les chr\u00e9tiens, cette prise de conscience de cette g\u00e9n\u00e9rosit\u00e9 financi\u00e8re, il va manquer une dimension importante. On sait bien que l\u2019argent est le nerf de la\u2026 paix.<\/p>\n<p>Et les chr\u00e9tiens avaient d\u00e9pass\u00e9 une notion l\u00e9galiste de la loi de Mo\u00efse qui demandait que <a href=\"https:\/\/agen.umc-europe.org\/eglise\/la-dime-dieu-et-mon-argent-dans-leglise\/\">le croyant donne la d\u00eeme de ses biens (le dixi\u00e8me)<\/a> et ils \u00e9taient pr\u00eats \u00e0 tout donner (cela rejoint ce que dit J\u00e9sus \u00e0 cet homme riche qui \u00e9tait <em>poss\u00e9d\u00e9<\/em> par ses biens\u00a0: \u00ab\u00a0Va, vends tout ce que tu poss\u00e8des et donne-le aux pauvres\u00a0\u00bb ; Matthieu 19).<\/p>\n<p>Mais cette g\u00e9n\u00e9rosit\u00e9 extraordinaire se vit aussi dans une \u00e9coute, dans une acceptation des autres qui sont peut-\u00eatre tr\u00e8s diff\u00e9rents de nous, et dans une recherche de leur int\u00e9r\u00eat avant tout.<\/p>\n<p>De percevoir la g\u00e9n\u00e9rosit\u00e9 sans limite de Dieu envers nous, qui n\u2019arr\u00eate pas de nous pardonner, de nous b\u00e9nir malgr\u00e9 ce que nous continuons \u00e0 \u00eatre, devrait nous pousser \u00e0 chercher \u00e0 le vivre envers ceux qui nous entourent.<\/p>\n<h2>4) Le t\u00e9moignage des chr\u00e9tiens dans l&rsquo;\u00e9glise malgr\u00e9 les risques.<\/h2>\n<p>C\u2019est s\u00fbr que la progression de l\u2019Eglise (quantitative et qualitative) s\u2019op\u00e9rait en raison de la mise en application des principes que nous avons relev\u00e9s\u00a0; mais la suite montre aussi que l\u2019Eglise grandit quand on t\u00e9moigne \u00e0 l\u2019ext\u00e9rieur.<\/p>\n<p>Pierre et Jean montent au Temple et voil\u00e0 qu\u2019un homme handicap\u00e9 les arr\u00eate\u00a0(Actes 4v1-8) ; il a besoin d\u2019argent pour survivre. Et Pierre voit ses besoins et y r\u00e9pond en r\u00e9pondant \u00e0 ses besoins les plus profonds\u00a0; il n\u2019h\u00e9site pas \u00e0 parler de J\u00e9sus-Christ. Et Dieu agit et gu\u00e9rit cet homme. Et ensuite, la foule a \u00e9t\u00e9 interpel\u00e9e et a \u00e9cout\u00e9 le message de Pierre (v12-26).<\/p>\n<p>Mais <strong>le t\u00e9moignage comporte des risques\u00a0<\/strong>; dont le premier est le rejet du message mais aussi du messager\u00a0: et Pierre et Jean, suite \u00e0 leur t\u00e9moignage, sont arr\u00eat\u00e9s par les religieux et mis en prison.<\/p>\n<p>L\u2019affirmation <em>prendre des risques<\/em> montre que tout ne r\u00e9ussit pas, mais il est bon de se rappeler que c\u2019est le mandat que J\u00e9sus nous a laiss\u00e9.<\/p>\n<h3>L\u2019Eglise progressait donc parce qu\u2019elle vivait\u00a0: des relations profondes, des r\u00e9unions vivantes, une grande g\u00e9n\u00e9rosit\u00e9, le t\u00e9moignage malgr\u00e9 les risques.<\/h3>\n<p>C\u2019est s\u00fbr que nous vivons d\u00e9j\u00e0 ces dimensions du plan de Dieu et que nous en b\u00e9n\u00e9ficions les uns et les autres\u00a0; peut-\u00eatre certains le vivent plus que d\u2019autres et en tout cas, ces 4 principes n\u2019occupent pas la m\u00eame place dans notre service pour Dieu.<\/p>\n<p>Cela alors me pousse \u00e0 demander au Seigneur de me transformer toujours plus, pour que ma vie corresponde de plus en plus \u00e0 sa volont\u00e9 mais, dans une autre perspective, pour que ma vie participe \u00e0 la progression de son Eglise et lui permette ainsi d\u2019agir.<\/p>\n<p>L\u2019\u00e9vocation de ce que vivaient ces premiers chr\u00e9tiens nous invite \u00e0 croire avec force que pour nous aussi le Seigneur va continuer d\u2019agir.<\/p>\n<p>Jean-Ruben<\/p>\n","protected":false},"excerpt":{"rendered":"<p>Nos motivations en participant \u00e0 la vie de l\u2019\u00e9glise locale sont diff\u00e9rentes\u00a0: nous pouvons avoir envie de d\u00e9couvrir quelque chose qui nous manque\u00a0; nous venons pour consommer, recevoir une nourriture et nous faire du bien (dans ce cas, la vie dans l\u2019\u00e9glise se r\u00e9sume au culte\u00a0; \u00ab\u00a0et ce matin, y\u2019a&#8230;<\/p>\n","protected":false},"author":2,"featured_media":3750,"comment_status":"open","ping_status":"closed","sticky":false,"template":"","format":"standard","meta":{"_monsterinsights_skip_tracking":false,"_monsterinsights_sitenote_active":false,"_monsterinsights_sitenote_note":"","_monsterinsights_sitenote_category":0,"footnotes":""},"categories":[170],"tags":[14,238,110,148,176],"yoast_head":"<!-- This site is optimized with the Yoast SEO plugin v21.9.1 - https:\/\/yoast.com\/wordpress\/plugins\/seo\/ -->\n<title>Une \u00e9glise qui porte du fruit (Actes 2v42)<\/title>\n<meta name=\"description\" content=\"Les points fondamentaux que Dieu a voulus pour l\u2019Eglise. L&#039;\u00e9glise progresse quand elle vit: relations profondes, r\u00e9unions vivantes, g\u00e9n\u00e9rosit\u00e9 et t\u00e9moignage\" \/>\n<meta name=\"robots\" content=\"index, follow, max-snippet:-1, max-image-preview:large, max-video-preview:-1\" \/>\n<link rel=\"canonical\" href=\"https:\/\/agen.umc-europe.org\/eglise\/actes-2-et-3-une-eglise-qui-porte-du-fruit\/\" \/>\n<meta property=\"og:locale\" content=\"fr_FR\" \/>\n<meta property=\"og:type\" content=\"article\" \/>\n<meta property=\"og:title\" content=\"Une \u00e9glise qui porte du fruit (Actes 2v42)\" \/>\n<meta property=\"og:description\" content=\"Les points fondamentaux que Dieu a voulus pour l\u2019Eglise. L&#039;\u00e9glise progresse quand elle vit: relations profondes, r\u00e9unions vivantes, g\u00e9n\u00e9rosit\u00e9 et t\u00e9moignage\" \/>\n<meta property=\"og:url\" content=\"https:\/\/agen.umc-europe.org\/eglise\/actes-2-et-3-une-eglise-qui-porte-du-fruit\/\" \/>\n<meta property=\"og:site_name\" content=\"\u00c9glise Protestante \u00c9vang\u00e9lique M\u00e9thodiste Agen\" \/>\n<meta property=\"article:publisher\" content=\"https:\/\/www.facebook.com\/EgliseAgen\/\" \/>\n<meta property=\"article:published_time\" content=\"2017-09-24T11:05:24+00:00\" \/>\n<meta property=\"article:modified_time\" content=\"2020-05-05T14:56:20+00:00\" \/>\n<meta property=\"og:image\" content=\"https:\/\/agen.umc-europe.org\/eglise\/wp-content\/uploads\/2017\/09\/vie-eglise-fruits.jpg\" \/>\n\t<meta property=\"og:image:width\" content=\"1025\" \/>\n\t<meta property=\"og:image:height\" content=\"200\" \/>\n\t<meta property=\"og:image:type\" content=\"image\/jpeg\" \/>\n<meta name=\"author\" content=\"eglise.agen\" \/>\n<meta name=\"twitter:card\" content=\"summary_large_image\" \/>\n<meta name=\"twitter:creator\" content=\"@EgliseAgen\" \/>\n<meta name=\"twitter:site\" content=\"@EgliseAgen\" \/>\n<meta name=\"twitter:label1\" content=\"\u00c9crit par\" \/>\n\t<meta name=\"twitter:data1\" content=\"eglise.agen\" \/>\n\t<meta name=\"twitter:label2\" content=\"Dur\u00e9e de lecture estim\u00e9e\" \/>\n\t<meta name=\"twitter:data2\" content=\"10 minutes\" \/>\n<script type=\"application\/ld+json\" class=\"yoast-schema-graph\">{\"@context\":\"https:\/\/schema.org\",\"@graph\":[{\"@type\":\"WebPage\",\"@id\":\"https:\/\/agen.umc-europe.org\/eglise\/actes-2-et-3-une-eglise-qui-porte-du-fruit\/\",\"url\":\"https:\/\/agen.umc-europe.org\/eglise\/actes-2-et-3-une-eglise-qui-porte-du-fruit\/\",\"name\":\"Une \u00e9glise qui porte du fruit (Actes 2v42)\",\"isPartOf\":{\"@id\":\"https:\/\/agen.umc-europe.org\/eglise\/#website\"},\"datePublished\":\"2017-09-24T11:05:24+00:00\",\"dateModified\":\"2020-05-05T14:56:20+00:00\",\"author\":{\"@id\":\"https:\/\/agen.umc-europe.org\/eglise\/#\/schema\/person\/e4e75e8bdea6a53fc59d926ccb55abe7\"},\"description\":\"Les points fondamentaux que Dieu a voulus pour l\u2019Eglise. L'\u00e9glise progresse quand elle vit: relations profondes, r\u00e9unions vivantes, g\u00e9n\u00e9rosit\u00e9 et t\u00e9moignage\",\"breadcrumb\":{\"@id\":\"https:\/\/agen.umc-europe.org\/eglise\/actes-2-et-3-une-eglise-qui-porte-du-fruit\/#breadcrumb\"},\"inLanguage\":\"fr-FR\",\"potentialAction\":[{\"@type\":\"ReadAction\",\"target\":[\"https:\/\/agen.umc-europe.org\/eglise\/actes-2-et-3-une-eglise-qui-porte-du-fruit\/\"]}]},{\"@type\":\"BreadcrumbList\",\"@id\":\"https:\/\/agen.umc-europe.org\/eglise\/actes-2-et-3-une-eglise-qui-porte-du-fruit\/#breadcrumb\",\"itemListElement\":[{\"@type\":\"ListItem\",\"position\":1,\"name\":\"Accueil\",\"item\":\"https:\/\/agen.umc-europe.org\/eglise\/\"},{\"@type\":\"ListItem\",\"position\":2,\"name\":\"Une \u00e9glise qui porte du fruit (Actes 2v37-3v11)\"}]},{\"@type\":\"WebSite\",\"@id\":\"https:\/\/agen.umc-europe.org\/eglise\/#website\",\"url\":\"https:\/\/agen.umc-europe.org\/eglise\/\",\"name\":\"\u00c9glise Protestante \u00c9vang\u00e9lique M\u00e9thodiste Agen\",\"description\":\"Des chr\u00e9tiens \u00e9vang\u00e9liques au coeur du Lot et Garonne. &quot;Viens et vois!&quot; ( Jean 1:47 )\",\"potentialAction\":[{\"@type\":\"SearchAction\",\"target\":{\"@type\":\"EntryPoint\",\"urlTemplate\":\"https:\/\/agen.umc-europe.org\/eglise\/?s={search_term_string}\"},\"query-input\":\"required name=search_term_string\"}],\"inLanguage\":\"fr-FR\"},{\"@type\":\"Person\",\"@id\":\"https:\/\/agen.umc-europe.org\/eglise\/#\/schema\/person\/e4e75e8bdea6a53fc59d926ccb55abe7\",\"name\":\"eglise.agen\",\"description\":\"Administateur du site de l'\u00e9glise d'Agen\",\"sameAs\":[\"https:\/\/agen.umc-europe.org\/eglise\/\"],\"url\":\"https:\/\/agen.umc-europe.org\/eglise\/author\/eem_agen\/\"}]}<\/script>\n<!-- \/ Yoast SEO plugin. -->","yoast_head_json":{"title":"Une \u00e9glise qui porte du fruit (Actes 2v42)","description":"Les points fondamentaux que Dieu a voulus pour l\u2019Eglise. L'\u00e9glise progresse quand elle vit: relations profondes, r\u00e9unions vivantes, g\u00e9n\u00e9rosit\u00e9 et t\u00e9moignage","robots":{"index":"index","follow":"follow","max-snippet":"max-snippet:-1","max-image-preview":"max-image-preview:large","max-video-preview":"max-video-preview:-1"},"canonical":"https:\/\/agen.umc-europe.org\/eglise\/actes-2-et-3-une-eglise-qui-porte-du-fruit\/","og_locale":"fr_FR","og_type":"article","og_title":"Une \u00e9glise qui porte du fruit (Actes 2v42)","og_description":"Les points fondamentaux que Dieu a voulus pour l\u2019Eglise. L'\u00e9glise progresse quand elle vit: relations profondes, r\u00e9unions vivantes, g\u00e9n\u00e9rosit\u00e9 et t\u00e9moignage","og_url":"https:\/\/agen.umc-europe.org\/eglise\/actes-2-et-3-une-eglise-qui-porte-du-fruit\/","og_site_name":"\u00c9glise Protestante \u00c9vang\u00e9lique M\u00e9thodiste Agen","article_publisher":"https:\/\/www.facebook.com\/EgliseAgen\/","article_published_time":"2017-09-24T11:05:24+00:00","article_modified_time":"2020-05-05T14:56:20+00:00","og_image":[{"width":1025,"height":200,"url":"https:\/\/agen.umc-europe.org\/eglise\/wp-content\/uploads\/2017\/09\/vie-eglise-fruits.jpg","type":"image\/jpeg"}],"author":"eglise.agen","twitter_card":"summary_large_image","twitter_creator":"@EgliseAgen","twitter_site":"@EgliseAgen","twitter_misc":{"\u00c9crit par":"eglise.agen","Dur\u00e9e de lecture estim\u00e9e":"10 minutes"},"schema":{"@context":"https:\/\/schema.org","@graph":[{"@type":"WebPage","@id":"https:\/\/agen.umc-europe.org\/eglise\/actes-2-et-3-une-eglise-qui-porte-du-fruit\/","url":"https:\/\/agen.umc-europe.org\/eglise\/actes-2-et-3-une-eglise-qui-porte-du-fruit\/","name":"Une \u00e9glise qui porte du fruit (Actes 2v42)","isPartOf":{"@id":"https:\/\/agen.umc-europe.org\/eglise\/#website"},"datePublished":"2017-09-24T11:05:24+00:00","dateModified":"2020-05-05T14:56:20+00:00","author":{"@id":"https:\/\/agen.umc-europe.org\/eglise\/#\/schema\/person\/e4e75e8bdea6a53fc59d926ccb55abe7"},"description":"Les points fondamentaux que Dieu a voulus pour l\u2019Eglise. L'\u00e9glise progresse quand elle vit: relations profondes, r\u00e9unions vivantes, g\u00e9n\u00e9rosit\u00e9 et t\u00e9moignage","breadcrumb":{"@id":"https:\/\/agen.umc-europe.org\/eglise\/actes-2-et-3-une-eglise-qui-porte-du-fruit\/#breadcrumb"},"inLanguage":"fr-FR","potentialAction":[{"@type":"ReadAction","target":["https:\/\/agen.umc-europe.org\/eglise\/actes-2-et-3-une-eglise-qui-porte-du-fruit\/"]}]},{"@type":"BreadcrumbList","@id":"https:\/\/agen.umc-europe.org\/eglise\/actes-2-et-3-une-eglise-qui-porte-du-fruit\/#breadcrumb","itemListElement":[{"@type":"ListItem","position":1,"name":"Accueil","item":"https:\/\/agen.umc-europe.org\/eglise\/"},{"@type":"ListItem","position":2,"name":"Une \u00e9glise qui porte du fruit (Actes 2v37-3v11)"}]},{"@type":"WebSite","@id":"https:\/\/agen.umc-europe.org\/eglise\/#website","url":"https:\/\/agen.umc-europe.org\/eglise\/","name":"\u00c9glise Protestante \u00c9vang\u00e9lique M\u00e9thodiste Agen","description":"Des chr\u00e9tiens \u00e9vang\u00e9liques au coeur du Lot et Garonne. &quot;Viens et vois!&quot; ( Jean 1:47 )","potentialAction":[{"@type":"SearchAction","target":{"@type":"EntryPoint","urlTemplate":"https:\/\/agen.umc-europe.org\/eglise\/?s={search_term_string}"},"query-input":"required name=search_term_string"}],"inLanguage":"fr-FR"},{"@type":"Person","@id":"https:\/\/agen.umc-europe.org\/eglise\/#\/schema\/person\/e4e75e8bdea6a53fc59d926ccb55abe7","name":"eglise.agen","description":"Administateur du site de l'\u00e9glise d'Agen","sameAs":["https:\/\/agen.umc-europe.org\/eglise\/"],"url":"https:\/\/agen.umc-europe.org\/eglise\/author\/eem_agen\/"}]}},"views":13182,"_links":{"self":[{"href":"https:\/\/agen.umc-europe.org\/eglise\/wp-json\/wp\/v2\/posts\/3748"}],"collection":[{"href":"https:\/\/agen.umc-europe.org\/eglise\/wp-json\/wp\/v2\/posts"}],"about":[{"href":"https:\/\/agen.umc-europe.org\/eglise\/wp-json\/wp\/v2\/types\/post"}],"author":[{"embeddable":true,"href":"https:\/\/agen.umc-europe.org\/eglise\/wp-json\/wp\/v2\/users\/2"}],"replies":[{"embeddable":true,"href":"https:\/\/agen.umc-europe.org\/eglise\/wp-json\/wp\/v2\/comments?post=3748"}],"version-history":[{"count":8,"href":"https:\/\/agen.umc-europe.org\/eglise\/wp-json\/wp\/v2\/posts\/3748\/revisions"}],"predecessor-version":[{"id":6086,"href":"https:\/\/agen.umc-europe.org\/eglise\/wp-json\/wp\/v2\/posts\/3748\/revisions\/6086"}],"wp:featuredmedia":[{"embeddable":true,"href":"https:\/\/agen.umc-europe.org\/eglise\/wp-json\/wp\/v2\/media\/3750"}],"wp:attachment":[{"href":"https:\/\/agen.umc-europe.org\/eglise\/wp-json\/wp\/v2\/media?parent=3748"}],"wp:term":[{"taxonomy":"category","embeddable":true,"href":"https:\/\/agen.umc-europe.org\/eglise\/wp-json\/wp\/v2\/categories?post=3748"},{"taxonomy":"post_tag","embeddable":true,"href":"https:\/\/agen.umc-europe.org\/eglise\/wp-json\/wp\/v2\/tags?post=3748"}],"curies":[{"name":"wp","href":"https:\/\/api.w.org\/{rel}","templated":true}]}}