{"id":2504,"date":"2017-05-07T11:56:27","date_gmt":"2017-05-07T10:56:27","guid":{"rendered":"http:\/\/agen.umc-europe.org\/eglise\/?p=2504"},"modified":"2017-11-25T14:20:08","modified_gmt":"2017-11-25T13:20:08","slug":"juges-4-5-la-victoire-de-dieu-malgre-nous","status":"publish","type":"post","link":"https:\/\/agen.umc-europe.org\/eglise\/juges-4-5-la-victoire-de-dieu-malgre-nous\/","title":{"rendered":"Juges 4-5 :\u00a0La victoire de Dieu, malgr\u00e9 tout et malgr\u00e9 nous \u2026\u00a0"},"content":{"rendered":"<p>Dans ces textes de Juges 4-5, l\u2019histoire de D\u00e9bora et des tribus qui, soit sont rest\u00e9es chez elles, soit se sont engag\u00e9es \u00e0 ses c\u00f4t\u00e9s, va nous parler en fin de compte de la mani\u00e8re dont Dieu veut nous faire conna\u00eetre la victoire.\u00a0Alors, malgr\u00e9 les craintes que nous pouvons avoir pour notre avenir, pour nous personnellement ou pour notre famille, pour notre Eglise ou notre pays, j\u2019esp\u00e8re que nous nous arr\u00eaterons sur cette derni\u00e8re r\u00e9alit\u00e9, la <strong>victoire de Dieu<\/strong> dans nos situation malgr\u00e9 tout&#8230;<\/p>\n<p><!--more--><\/p>\n<!--[if lt IE 9]><script>document.createElement('audio');<\/script><![endif]-->\n<audio class=\"wp-audio-shortcode\" id=\"audio-2504-1\" preload=\"none\" style=\"width: 100%;\" controls=\"controls\"><source type=\"audio\/mpeg\" src=\"https:\/\/agen.umc-europe.org\/eglise\/wp-content\/uploads\/2017\/05\/20170507-Jean-Ruben.mp3?_=1\" \/><a href=\"https:\/\/agen.umc-europe.org\/eglise\/wp-content\/uploads\/2017\/05\/20170507-Jean-Ruben.mp3\">https:\/\/agen.umc-europe.org\/eglise\/wp-content\/uploads\/2017\/05\/20170507-Jean-Ruben.mp3<\/a><\/audio>\n<h2>1) <u>La situation du peuple du temps de D\u00e9bora<\/u>\u00a0:<\/h2>\n<p>Nous sommes au XIII<sup>\u00e8me <\/sup>si\u00e8cle av JC. Les isra\u00e9lites connaissent l\u2019oppression\u00a0; la raison de cette \u00e9preuve nous est donn\u00e9e\u00a0: ils avaient abandonn\u00e9 Dieu. Les canan\u00e9ens les dominaient. Et les isra\u00e9lites avaient c\u00e9d\u00e9 au virus de la politique du compromis (beaucoup plus dangereux que celui de la grippe\u2026).<\/p>\n<p>Jabin, le roi des canan\u00e9ens, avait sous ses ordres une arm\u00e9e redoutable, qui poss\u00e9dait 900 chars. A l\u2019oppos\u00e9, \u00ab\u00a0en Isra\u00ebl,\u00a0on ne voyait ni bouclier ni lance chez les 40.000 soldats \u00bb (Ju 5v8). Mais ce d\u00e9ficit \u00e9tait en fait pr\u00e9cieux\u00a0 pour eux\u00a0; pourquoi\u00a0? Parce qu\u2019Isra\u00ebl ne pouvait plus avoir la tentation d\u2019essayer d\u2019obtenir la victoire sur le m\u00eame terrain que les canan\u00e9ens.<\/p>\n<p>Face \u00e0 une r\u00e9alit\u00e9 similaire, notre r\u00e9action est facilement le d\u00e9couragement ou alors d\u2019essayer d\u2019obtenir les m\u00eames armes pour croire qu\u2019on remportera la victoire. Et nous nous appuyons facilement sur ce que nous poss\u00e9dons (ou au contraire que nous ne poss\u00e9dons pas) pour envisager la victoire (ou la d\u00e9faite).<\/p>\n<p>D\u2019autre part, la situation int\u00e9rieure dans le pays d\u2019Isra\u00ebl est bien lamentable\u00a0; l\u2019ins\u00e9curit\u00e9 r\u00e9gnait\u00a0: \u00ab\u00a0Les routes \u00e9taient abandonn\u00e9es et ceux qui voyageaient prenaient des chemins d\u00e9tourn\u00e9s\u00a0\u00bb (5v6). La raison est donn\u00e9e juste apr\u00e8s\u00a0: \u00ab\u00a0Les chefs \u00e9taient sans force en Isra\u00ebl\u00a0\u00bb (5v7). L\u2019anarchie r\u00e9gnait\u00a0; l\u2019angoisse et le d\u00e9sespoir aussi.<\/p>\n<p>Le chef de l\u2019arm\u00e9e Barak est loin d\u2019\u00eatre une\u2026 baraque\u00a0! Il est pr\u00e9sent\u00e9 comme irr\u00e9solu et craintif. Son nom signifie \u00ab\u00a0Eclair\u00a0\u00bb, mais sa lumi\u00e8re est bien p\u00e2le.<\/p>\n<p>La confusion est avant tout spirituelle\u00a0: \u00ab\u00a0Isra\u00ebl avait choisi de nouveaux dieux\u00a0\u00bb (5v8)\u00a0; l\u2019abandon de Dieu est le d\u00e9but de la d\u00e9gringolade \u00e0 tous les niveaux.<\/p>\n<p>Sans parler des tensions internationales\u00a0: \u00ab\u00a0La guerre \u00e9tait aux portes\u00a0\u00bb (5v8).<\/p>\n<p>Cette situation est bien proche de celle que nous vivons \u00e0 tous les niveaux dans notre pays, mais peut-\u00eatre aussi sur le plan familial ou personnel.<\/p>\n<h2>2) <u>L\u2019appel \u00e0 l\u2019engagement pour Dieu<\/u>\u00a0:<\/h2>\n<p>Apr\u00e8s l\u2019\u00e9preuve suscit\u00e9e par Dieu pour amener ce peuple \u00e0 se tourner\u00a0 vers lui, il se produit un changement salutaire\u00a0: Isra\u00ebl s\u2019engage vis-\u00e0-vis de Dieu et vit une <a href=\"https:\/\/agen.umc-europe.org\/eglise\/luc-23v39-43-la-repentance-du-malfaiteur\/\">repentance vraie<\/a>.<\/p>\n<p>Un philosophe juif \u00e9crivait\u00a0: \u00ab\u00a0Le pire dans l\u2019homme, ce ne sont pas ses p\u00e9ch\u00e9s \u2013 car <a href=\"https:\/\/agen.umc-europe.org\/eglise\/comment-resister-a-la-tentation-ezechias-2-chroniques-31-32\/\">la tentation est grande<\/a> et sa force est petite. Le pire dans l\u2019homme, c\u2019est qu\u2019\u00e0 chaque moment il pourrait faire demi-tour \u2013 et il ne le fait pas\u00a0\u00bb. \u00ab\u00a0Ils cri\u00e8rent \u00e0 l\u2019Eternel\u00a0\u00bb (4v3)\u00a0: <strong>ils font demi-tour, ils vivent une <a href=\"https:\/\/agen.umc-europe.org\/eglise\/qui-est-chretien-premiere-epitre-jean\/\">conversion <\/a>en se tournant vers Dieu.<\/strong><\/p>\n<p>Et alors Dieu r\u00e9pond\u00a0! Il suscite une femme, D\u00e9bora. Elle \u00e9tait proph\u00e9tesse\u00a0; elle \u00e9tait pleine de sagesse, d\u2019humilit\u00e9, \u00e0 l\u2019\u00e9coute de Dieu. Elle exerce tout au long de l\u2019histoire un minist\u00e8re de la parole. Assise sous le palmier, comme les autres ma\u00eetres, elle dispense un enseignement.<\/p>\n<p>Et puis, \u00e0 l\u2019oppos\u00e9 de Barak, D\u00e9bora compte sur les promesses de Dieu et l\u2019assurance de son intervention.<\/p>\n<p><strong>L\u2019engagement<\/strong>, c\u2019est aussi celui des 10.000 soldats. Mais D\u00e9bora parle initialement de 40.000\u2026 C\u2019est que, question d\u00e9mission, ils ont \u00e9t\u00e9 g\u00e2t\u00e9s\u00a0! L\u2019appel avait \u00e9t\u00e9 fait aux 10 tribus (les 2 le plus au sud \u00e9taient, semble-t-il, trop \u00e9loign\u00e9es)\u00a0; mais la r\u00e9ponse favorable, pour s\u2019engager dans la lutte contre l\u2019ennemi, n\u2019est venue que de la part de 6 tribus, ou m\u00eame de parties de ces tribus (alors que, du c\u00f4t\u00e9 de Sisera, le chef canan\u00e9en, \u00ab\u00a0tout le peuple \u00e9tait avec lui\u00a0\u00bb, 4v13).<\/p>\n<p>Et les autres\u00a0? 4 tribus, qui ne sont pas parmi les plus lointaines, manifestent un certain \u00e9go\u00efsme\u00a0; elles sont caract\u00e9ris\u00e9es chacune par l\u2019eau (\u00ab\u00a0les ruisseaux de Ruben, le Jourdain de Galaad, les navires de Dan, le rivage de la mer et les ports d\u2019Aser\u00a0\u00bb). Cela parle-il d\u2019ouverture vers les autres ou de fuite possible\u00a0?<\/p>\n<p>Quand on est ouvert au monde, il n\u2019y a pas souvent l\u2019ouverture vers les siens :<\/p>\n<ul>\n<li><strong>Ruben<\/strong> est d\u00e9cid\u00e9 d\u2019aller soutenir ses fr\u00e8res\u00a0; avec un petit probl\u00e8me pourtant\u00a0: \u00ab\u00a0Grandes furent leurs r\u00e9solutions et les d\u00e9lib\u00e9rations de leur c\u0153ur\u00a0\u00bb (5v16)\u00a0: question parlotte et belles th\u00e9ories, ils sont champions\u00a0! Mais quant \u00e0 agir\u2026\u00a0En fait, la tribu de Ruben \u00ab\u00a0agit\u00a0\u00bb\u2026 en \u00e9coutant le b\u00ealement des troupeaux\u00a0(5v16)\u00a0: il faut bien, quand m\u00eame, s\u2019en occuper, et ne pas faillir \u00e0 cette responsabilit\u00e9\u00a0! Chacun son m\u00e9tier, les brebis seront bien gard\u00e9es\u2026<\/li>\n<li><strong>Galaad<\/strong> ne semble pas trop touch\u00e9 par ce qui se passe\u00a0; il est de l\u2019autre c\u00f4t\u00e9 du Jourdain\u00a0: chacun doit balayer devant sa porte\u2026 L\u00e0 aussi, c\u2019est le \u00ab\u00a0moi d\u2019abord\u00a0\u00bb qui exclut les autres. Les fronti\u00e8res d\u00e9terminent mes int\u00e9r\u00eats. Cette bataille ne concerne pas cette tribu\u00a0; \u00e0 eux de se d\u00e9brouiller\u00a0! A chacun ses probl\u00e8mes, pourvu qu\u2019on n\u2019a pas \u00e0 porter ceux des autres.<\/li>\n<li><strong>Dan<\/strong> est rest\u00e9 sur ses navires\u00a0; pas pour faire une croisi\u00e8re mais pour du commerce. Pas le temps donc de soutenir ses fr\u00e8res\u00a0! Le commerce est exigeant et le planning est fort charg\u00e9\u00a0! Faut le comprendre, quand m\u00eame\u2026<\/li>\n<li>Et puis, il y a <strong>Aser\u00a0<\/strong>: pour cette tribu, par contre, c\u2019est pas le stress professionnel qui l\u2019\u00e9touffe\u00a0! \u00a0Elle se trouve, pourtant, tout proche du lieu du combat. Mais on bronze au soleil\u00a0: \u00ab\u00a0Il est assis sur le rivage, il se repose dans ses ports\u00a0\u00bb\u00a0; l\u00e0 au moins, c\u2019est plus calme\u2026 Sinon, \u00e0 quoi \u00e7a sert de s\u2019\u00eatre fatigu\u00e9 \u00e0 construire des digues contre les temp\u00eates\u00a0!? Vivre pour les autres qui appellent au secours n\u2019est pas la pr\u00e9occupation de ces personnes.<\/li>\n<li>Il est aussi fait mention de <strong>M\u00e9roz<\/strong> (inconnu au bataillon\u00a0; au propre comme au figur\u00e9\u2026). D\u00e9bora dit \u00e0 leur sujet\u00a0: \u00ab\u00a0Maudissez M\u00e9roz, dit l\u2019ange de l\u2019Eternel, car ses habitants ne vinrent pas au secours de l\u2019Eternel, au secours de l\u2019Eternel, parmi les hommes vaillants\u00a0\u00bb (5v23)\u00a0: en fait, celui qui ne <a href=\"https:\/\/agen.umc-europe.org\/eglise\/eben-ezer-le-secours-de-dieu-1-samuel-7v12\/\">vient pas au secours du peuple de Dieu<\/a> ne secourt pas Dieu. Ce n\u2019est pas que Dieu est faible et qu\u2019il a besoin d\u2019un s\u00e9rieux coup de main mais il a voulu la collaboration de l\u2019\u00eatre humain. M\u00e9roz dit qu\u2019il ne veut pas s\u2019impliquer\u00a0; c\u2019est un \u00ab\u00a0non\u00a0\u00bb cat\u00e9gorique.<\/li>\n<\/ul>\n<p>Cet \u00e9go\u00efsme qui caract\u00e9rise ces diff\u00e9rentes tribus r\u00e8gne partout. Cela peut se voir au niveau de l\u2019individu, du couple, d\u2019une Eglise. La solidarit\u00e9 et l\u2019engagement seraient-ils une valeur qui dispara\u00eetrait de plus en plus\u00a0? <strong>Dieu attend certainement un engagement concret<\/strong>, fond\u00e9 sur un amour profond qui vient de lui.<\/p>\n<h2>3) <u>La victoire vient de Dieu<\/u><\/h2>\n<p>Cette victoire est \u00e9tonnante par les moyens employ\u00e9s\u00a0: Dieu surprend par ses m\u00e9thodes, souvent diff\u00e9rentes des n\u00f4tres, et cela malgr\u00e9 les d\u00e9fections et le petit nombre. Ici la\u00a0victoire est assur\u00e9e par des individus et des tribus qui ont accept\u00e9 de sortir de leur \u00e9gocentrisme et qui ont d\u00e9cid\u00e9 d\u2019aider les autres.<\/p>\n<p>&#8211; Les individus\u00a0: ce sont D\u00e9bora, Barak (malgr\u00e9 pas mal d\u2019h\u00e9sitation, de peur et de manque de confiance en Dieu), et Ja\u00ebl (encore une femme, qui assure la victoire en tuant Sisera\u00a0; elle s\u2019engage malgr\u00e9 les risques).<\/p>\n<p>&#8211; On passe ensuite aux collectivit\u00e9s\u00a0; l\u2019engagement des tribus suit celui des individus.<\/p>\n<p>Les tribus de Nephtali et Zabulon, appel\u00e9es en premier, r\u00e9pondent pr\u00e9sent et prouvent leur engagement en \u00e9tant pr\u00eates \u00e0 affronter la mort. Ephra\u00efm et Benjamin viennent du sud pour les soutenir, m\u00eame si ces tribus ne sont pas concern\u00e9es directement. Et au centre, Manass\u00e9 et Issacar les accompagnent.<\/p>\n<p>&nbsp;<\/p>\n<p>Malgr\u00e9 leur nombre, les isra\u00e9lites sont beaucoup moins nombreux que l\u2019arm\u00e9e ennemie. Et au lieu de les monter en \u00e9pingle, D\u00e9bora reconna\u00eet que<strong> la victoire est gr\u00e2ce \u00e0 \u00ab\u00a0un reste du peuple\u00a0\u00bb<\/strong>. La foi n\u2019\u00e9limine pas la r\u00e9flexion, qui elle-m\u00eame est soumise \u00e0 la volont\u00e9 de Dieu\u00a0; D\u00e9bora dit \u00e0 Barak\u00a0: \u00ab\u00a0N\u2019est-ce pas l\u2019ordre qu\u2019a donn\u00e9 l\u2019Eternel\u00a0: \u2018Va, dirige-toi vers le mont Thabor. J\u2019attirerai vers toi, au torrent de Kison, Sisera, avec ses chars et ses troupes, et je les livrerai entre tes mains\u2019\u00a0? \u00bb (4v6-7). L\u2019ordre \u00e9tait de refuser d\u2019aller sur le terrain de pr\u00e9dilection de l\u2019ennemi.<\/p>\n<p>\u00ab\u00a0C\u2019est logique\u00a0!\u00a0\u00bb, pensons-nous\u00a0; mais pourtant nous faisons le contraire\u00a0: nous employons les m\u00eames m\u00e9thodes humaines que les autres qui vivent sans Dieu pour \u00eatre victorieux. Peut-\u00eatre parce que nous ne savons pas exploiter ce que Dieu nous offre ou parce que nous ne croyons pas dans les armes qu\u2019il met \u00e0 notre disposition.<\/p>\n<p>&nbsp;<\/p>\n<p>. Cela nous conduit \u00e0 ce qui est essentiel pour D\u00e9bora\u00a0: <strong>\u00ab\u00a0L\u2019Eternel donna la victoire sur les h\u00e9ros\u00a0\u00bb (5v13)<\/strong>. La victoire n\u2019est attribu\u00e9e ni \u00e0 la force d\u2019Isra\u00ebl, ni \u00e0 la faiblesse de l\u2019ennemi mais elle vient de l\u2019intervention de Dieu\u00a0: en pleine saison s\u00e8che, l\u2019orage a embourb\u00e9 les chars canan\u00e9ens\u00a0; et Barak (\u00ab\u00a0Eclair\u00a0\u00bb) a fondu sur l\u2019ennemi.<\/p>\n<p>Gr\u00e2ce \u00e0 la <a href=\"https:\/\/agen.umc-europe.org\/eglise\/etre-chretien-quels-signes-premiere-epitre-de-jean\/\">confiance en Dieu<\/a>, le faible devient fort, le fort est confondu. Dieu se r\u00e9v\u00e8le comme le vrai ma\u00eetre de la nature\u00a0: la victoire sur les canan\u00e9ens est aussi une victoire sur Baal, le dieu de la nature et de la pluie.<\/p>\n<p>&nbsp;<\/p>\n<p>L\u2019ap\u00f4tre Paul est persuad\u00e9 \u00e9galement de la m\u00eame solution\u00a0: <strong>\u00ab\u00a0Dieu choisit les choses faibles du monde (D\u00e9bora, Barak, Ja\u00ebl, nous, moi) pour confondre les fortes\u00a0\u00bb (1 Corinthiens 1v27)\u00a0<\/strong>; \u00e0 condition que la reconnaissance de ma faiblesse me pousse \u00e0 une vraie confiance en Dieu (et non au d\u00e9couragement).<\/p>\n<p>&nbsp;<\/p>\n<p>Pour conclure, c\u2019est donc l\u2019histoire d\u2019une <em>permission<\/em> (Dieu permet l\u2019\u00e9preuve, face au p\u00e9ch\u00e9 d\u2019Isra\u00ebl), d\u2019une <em>r\u00e9mission<\/em> (Dieu donne son pardon \u00e0 Isra\u00ebl qui se tourne vers son Sauveur), d\u2019une <em>mission<\/em> (que Dieu confie \u00e0 D\u00e9bora pour lib\u00e9rer son peuple) et aussi d\u2019une <em>d\u00e9mission <\/em>(celle de Barak qui n\u2019accepte sa responsabilit\u00e9 que pouss\u00e9 par D\u00e9bora).<\/p>\n<blockquote><p>Mais la victoire vient de Dieu.<\/p><\/blockquote>\n<p>La condition\u00a0: <strong>la confiance dans la Parole de Dieu<\/strong>, v\u00e9cue dans un engagement pour Dieu, aux c\u00f4t\u00e9s des autres. Et c\u2019est ce que nous voulons relever surtout, m\u00eame si cela a mis 20 ans \u00e0 se r\u00e9aliser, m\u00eame si beaucoup n\u2019ont pas tenu leur engagement\u00a0: D\u00e9bora peut dire\u00a0: \u00ab\u00a0Le <em>peuple<\/em> s\u2019est montr\u00e9 pr\u00eat \u00e0 combattre\u00a0: b\u00e9nissez-en l\u2019Eternel\u00a0!\u00a0L\u2019Eternel donna la victoire \u00bb (5v2, 13).<\/p>\n<p>Aujourd\u2019hui, comment est-ce que mieux vivre cela\u00a0?<\/p>\n<p>Jean-Ruben<\/p>\n","protected":false},"excerpt":{"rendered":"<p>Dans ces textes de Juges 4-5, l\u2019histoire de D\u00e9bora et des tribus qui, soit sont rest\u00e9es chez elles, soit se sont engag\u00e9es \u00e0 ses c\u00f4t\u00e9s, va nous parler en fin de compte de la mani\u00e8re dont Dieu veut nous faire conna\u00eetre la victoire.\u00a0Alors, malgr\u00e9 les craintes que nous pouvons avoir&#8230;<\/p>\n","protected":false},"author":2,"featured_media":2762,"comment_status":"open","ping_status":"open","sticky":false,"template":"","format":"standard","meta":{"_monsterinsights_skip_tracking":false,"_monsterinsights_sitenote_active":false,"_monsterinsights_sitenote_note":"","_monsterinsights_sitenote_category":0,"footnotes":""},"categories":[170],"tags":[120,68,210,176],"yoast_head":"<!-- This site is optimized with the Yoast SEO plugin v21.9.1 - https:\/\/yoast.com\/wordpress\/plugins\/seo\/ -->\n<title>Juges 4-5 : La victoire de Dieu, malgr\u00e9 tout et malgr\u00e9 nous \u2026 Eglise Agen<\/title>\n<meta name=\"description\" content=\"Victoire de Dieu : \u00ab Dieu choisit les choses faibles du monde (D\u00e9bora, Barak, Ja\u00ebl, nous, moi) pour confondre les fortes \u00bb\" \/>\n<meta name=\"robots\" content=\"index, follow, max-snippet:-1, max-image-preview:large, max-video-preview:-1\" \/>\n<link rel=\"canonical\" href=\"https:\/\/agen.umc-europe.org\/eglise\/juges-4-5-la-victoire-de-dieu-malgre-nous\/\" \/>\n<meta property=\"og:locale\" content=\"fr_FR\" \/>\n<meta property=\"og:type\" content=\"article\" \/>\n<meta property=\"og:title\" content=\"Juges 4-5 : La victoire de Dieu, malgr\u00e9 tout et malgr\u00e9 nous \u2026 Eglise Agen\" \/>\n<meta property=\"og:description\" content=\"Victoire de Dieu : \u00ab Dieu choisit les choses faibles du monde (D\u00e9bora, Barak, Ja\u00ebl, nous, moi) pour confondre les fortes \u00bb\" \/>\n<meta property=\"og:url\" content=\"https:\/\/agen.umc-europe.org\/eglise\/juges-4-5-la-victoire-de-dieu-malgre-nous\/\" \/>\n<meta property=\"og:site_name\" content=\"\u00c9glise Protestante \u00c9vang\u00e9lique M\u00e9thodiste Agen\" \/>\n<meta property=\"article:publisher\" content=\"https:\/\/www.facebook.com\/EgliseAgen\/\" \/>\n<meta property=\"article:published_time\" content=\"2017-05-07T10:56:27+00:00\" \/>\n<meta property=\"article:modified_time\" content=\"2017-11-25T13:20:08+00:00\" \/>\n<meta property=\"og:image\" content=\"https:\/\/agen.umc-europe.org\/eglise\/wp-content\/uploads\/2017\/06\/victoire-de-Dieu-malgre-nous.jpg\" \/>\n\t<meta property=\"og:image:width\" content=\"1025\" \/>\n\t<meta property=\"og:image:height\" content=\"200\" \/>\n\t<meta property=\"og:image:type\" content=\"image\/jpeg\" \/>\n<meta name=\"author\" content=\"eglise.agen\" \/>\n<meta name=\"twitter:card\" content=\"summary_large_image\" \/>\n<meta name=\"twitter:creator\" content=\"@EgliseAgen\" \/>\n<meta name=\"twitter:site\" content=\"@EgliseAgen\" \/>\n<meta name=\"twitter:label1\" content=\"\u00c9crit par\" \/>\n\t<meta name=\"twitter:data1\" content=\"eglise.agen\" \/>\n\t<meta name=\"twitter:label2\" content=\"Dur\u00e9e de lecture estim\u00e9e\" \/>\n\t<meta name=\"twitter:data2\" content=\"10 minutes\" \/>\n<script type=\"application\/ld+json\" class=\"yoast-schema-graph\">{\"@context\":\"https:\/\/schema.org\",\"@graph\":[{\"@type\":\"WebPage\",\"@id\":\"https:\/\/agen.umc-europe.org\/eglise\/juges-4-5-la-victoire-de-dieu-malgre-nous\/\",\"url\":\"https:\/\/agen.umc-europe.org\/eglise\/juges-4-5-la-victoire-de-dieu-malgre-nous\/\",\"name\":\"Juges 4-5 : La victoire de Dieu, malgr\u00e9 tout et malgr\u00e9 nous \u2026 Eglise Agen\",\"isPartOf\":{\"@id\":\"https:\/\/agen.umc-europe.org\/eglise\/#website\"},\"datePublished\":\"2017-05-07T10:56:27+00:00\",\"dateModified\":\"2017-11-25T13:20:08+00:00\",\"author\":{\"@id\":\"https:\/\/agen.umc-europe.org\/eglise\/#\/schema\/person\/e4e75e8bdea6a53fc59d926ccb55abe7\"},\"description\":\"Victoire de Dieu : \u00ab Dieu choisit les choses faibles du monde (D\u00e9bora, Barak, Ja\u00ebl, nous, moi) pour confondre les fortes \u00bb\",\"breadcrumb\":{\"@id\":\"https:\/\/agen.umc-europe.org\/eglise\/juges-4-5-la-victoire-de-dieu-malgre-nous\/#breadcrumb\"},\"inLanguage\":\"fr-FR\",\"potentialAction\":[{\"@type\":\"ReadAction\",\"target\":[\"https:\/\/agen.umc-europe.org\/eglise\/juges-4-5-la-victoire-de-dieu-malgre-nous\/\"]}]},{\"@type\":\"BreadcrumbList\",\"@id\":\"https:\/\/agen.umc-europe.org\/eglise\/juges-4-5-la-victoire-de-dieu-malgre-nous\/#breadcrumb\",\"itemListElement\":[{\"@type\":\"ListItem\",\"position\":1,\"name\":\"Accueil\",\"item\":\"https:\/\/agen.umc-europe.org\/eglise\/\"},{\"@type\":\"ListItem\",\"position\":2,\"name\":\"Juges 4-5 :\u00a0La victoire de Dieu, malgr\u00e9 tout et malgr\u00e9 nous \u2026\u00a0\"}]},{\"@type\":\"WebSite\",\"@id\":\"https:\/\/agen.umc-europe.org\/eglise\/#website\",\"url\":\"https:\/\/agen.umc-europe.org\/eglise\/\",\"name\":\"\u00c9glise Protestante \u00c9vang\u00e9lique M\u00e9thodiste Agen\",\"description\":\"Des chr\u00e9tiens \u00e9vang\u00e9liques au coeur du Lot et Garonne. &quot;Viens et vois!&quot; ( Jean 1:47 )\",\"potentialAction\":[{\"@type\":\"SearchAction\",\"target\":{\"@type\":\"EntryPoint\",\"urlTemplate\":\"https:\/\/agen.umc-europe.org\/eglise\/?s={search_term_string}\"},\"query-input\":\"required name=search_term_string\"}],\"inLanguage\":\"fr-FR\"},{\"@type\":\"Person\",\"@id\":\"https:\/\/agen.umc-europe.org\/eglise\/#\/schema\/person\/e4e75e8bdea6a53fc59d926ccb55abe7\",\"name\":\"eglise.agen\",\"description\":\"Administateur du site de l'\u00e9glise d'Agen\",\"sameAs\":[\"https:\/\/agen.umc-europe.org\/eglise\/\"],\"url\":\"https:\/\/agen.umc-europe.org\/eglise\/author\/eem_agen\/\"}]}<\/script>\n<!-- \/ Yoast SEO plugin. -->","yoast_head_json":{"title":"Juges 4-5 : La victoire de Dieu, malgr\u00e9 tout et malgr\u00e9 nous \u2026 Eglise Agen","description":"Victoire de Dieu : \u00ab Dieu choisit les choses faibles du monde (D\u00e9bora, Barak, Ja\u00ebl, nous, moi) pour confondre les fortes \u00bb","robots":{"index":"index","follow":"follow","max-snippet":"max-snippet:-1","max-image-preview":"max-image-preview:large","max-video-preview":"max-video-preview:-1"},"canonical":"https:\/\/agen.umc-europe.org\/eglise\/juges-4-5-la-victoire-de-dieu-malgre-nous\/","og_locale":"fr_FR","og_type":"article","og_title":"Juges 4-5 : La victoire de Dieu, malgr\u00e9 tout et malgr\u00e9 nous \u2026 Eglise Agen","og_description":"Victoire de Dieu : \u00ab Dieu choisit les choses faibles du monde (D\u00e9bora, Barak, Ja\u00ebl, nous, moi) pour confondre les fortes \u00bb","og_url":"https:\/\/agen.umc-europe.org\/eglise\/juges-4-5-la-victoire-de-dieu-malgre-nous\/","og_site_name":"\u00c9glise Protestante \u00c9vang\u00e9lique M\u00e9thodiste Agen","article_publisher":"https:\/\/www.facebook.com\/EgliseAgen\/","article_published_time":"2017-05-07T10:56:27+00:00","article_modified_time":"2017-11-25T13:20:08+00:00","og_image":[{"width":1025,"height":200,"url":"https:\/\/agen.umc-europe.org\/eglise\/wp-content\/uploads\/2017\/06\/victoire-de-Dieu-malgre-nous.jpg","type":"image\/jpeg"}],"author":"eglise.agen","twitter_card":"summary_large_image","twitter_creator":"@EgliseAgen","twitter_site":"@EgliseAgen","twitter_misc":{"\u00c9crit par":"eglise.agen","Dur\u00e9e de lecture estim\u00e9e":"10 minutes"},"schema":{"@context":"https:\/\/schema.org","@graph":[{"@type":"WebPage","@id":"https:\/\/agen.umc-europe.org\/eglise\/juges-4-5-la-victoire-de-dieu-malgre-nous\/","url":"https:\/\/agen.umc-europe.org\/eglise\/juges-4-5-la-victoire-de-dieu-malgre-nous\/","name":"Juges 4-5 : La victoire de Dieu, malgr\u00e9 tout et malgr\u00e9 nous \u2026 Eglise Agen","isPartOf":{"@id":"https:\/\/agen.umc-europe.org\/eglise\/#website"},"datePublished":"2017-05-07T10:56:27+00:00","dateModified":"2017-11-25T13:20:08+00:00","author":{"@id":"https:\/\/agen.umc-europe.org\/eglise\/#\/schema\/person\/e4e75e8bdea6a53fc59d926ccb55abe7"},"description":"Victoire de Dieu : \u00ab Dieu choisit les choses faibles du monde (D\u00e9bora, Barak, Ja\u00ebl, nous, moi) pour confondre les fortes \u00bb","breadcrumb":{"@id":"https:\/\/agen.umc-europe.org\/eglise\/juges-4-5-la-victoire-de-dieu-malgre-nous\/#breadcrumb"},"inLanguage":"fr-FR","potentialAction":[{"@type":"ReadAction","target":["https:\/\/agen.umc-europe.org\/eglise\/juges-4-5-la-victoire-de-dieu-malgre-nous\/"]}]},{"@type":"BreadcrumbList","@id":"https:\/\/agen.umc-europe.org\/eglise\/juges-4-5-la-victoire-de-dieu-malgre-nous\/#breadcrumb","itemListElement":[{"@type":"ListItem","position":1,"name":"Accueil","item":"https:\/\/agen.umc-europe.org\/eglise\/"},{"@type":"ListItem","position":2,"name":"Juges 4-5 :\u00a0La victoire de Dieu, malgr\u00e9 tout et malgr\u00e9 nous \u2026\u00a0"}]},{"@type":"WebSite","@id":"https:\/\/agen.umc-europe.org\/eglise\/#website","url":"https:\/\/agen.umc-europe.org\/eglise\/","name":"\u00c9glise Protestante \u00c9vang\u00e9lique M\u00e9thodiste Agen","description":"Des chr\u00e9tiens \u00e9vang\u00e9liques au coeur du Lot et Garonne. &quot;Viens et vois!&quot; ( Jean 1:47 )","potentialAction":[{"@type":"SearchAction","target":{"@type":"EntryPoint","urlTemplate":"https:\/\/agen.umc-europe.org\/eglise\/?s={search_term_string}"},"query-input":"required name=search_term_string"}],"inLanguage":"fr-FR"},{"@type":"Person","@id":"https:\/\/agen.umc-europe.org\/eglise\/#\/schema\/person\/e4e75e8bdea6a53fc59d926ccb55abe7","name":"eglise.agen","description":"Administateur du site de l'\u00e9glise d'Agen","sameAs":["https:\/\/agen.umc-europe.org\/eglise\/"],"url":"https:\/\/agen.umc-europe.org\/eglise\/author\/eem_agen\/"}]}},"views":9021,"_links":{"self":[{"href":"https:\/\/agen.umc-europe.org\/eglise\/wp-json\/wp\/v2\/posts\/2504"}],"collection":[{"href":"https:\/\/agen.umc-europe.org\/eglise\/wp-json\/wp\/v2\/posts"}],"about":[{"href":"https:\/\/agen.umc-europe.org\/eglise\/wp-json\/wp\/v2\/types\/post"}],"author":[{"embeddable":true,"href":"https:\/\/agen.umc-europe.org\/eglise\/wp-json\/wp\/v2\/users\/2"}],"replies":[{"embeddable":true,"href":"https:\/\/agen.umc-europe.org\/eglise\/wp-json\/wp\/v2\/comments?post=2504"}],"version-history":[{"count":5,"href":"https:\/\/agen.umc-europe.org\/eglise\/wp-json\/wp\/v2\/posts\/2504\/revisions"}],"predecessor-version":[{"id":4436,"href":"https:\/\/agen.umc-europe.org\/eglise\/wp-json\/wp\/v2\/posts\/2504\/revisions\/4436"}],"wp:featuredmedia":[{"embeddable":true,"href":"https:\/\/agen.umc-europe.org\/eglise\/wp-json\/wp\/v2\/media\/2762"}],"wp:attachment":[{"href":"https:\/\/agen.umc-europe.org\/eglise\/wp-json\/wp\/v2\/media?parent=2504"}],"wp:term":[{"taxonomy":"category","embeddable":true,"href":"https:\/\/agen.umc-europe.org\/eglise\/wp-json\/wp\/v2\/categories?post=2504"},{"taxonomy":"post_tag","embeddable":true,"href":"https:\/\/agen.umc-europe.org\/eglise\/wp-json\/wp\/v2\/tags?post=2504"}],"curies":[{"name":"wp","href":"https:\/\/api.w.org\/{rel}","templated":true}]}}