{"id":222,"date":"2014-09-01T10:50:47","date_gmt":"2014-09-01T09:50:47","guid":{"rendered":"http:\/\/agen.umc-europe.org\/eglise\/?p=222"},"modified":"2017-12-17T10:48:13","modified_gmt":"2017-12-17T09:48:13","slug":"je-crois-ce-que-je-vois","status":"publish","type":"post","link":"https:\/\/agen.umc-europe.org\/eglise\/je-crois-ce-que-je-vois\/","title":{"rendered":"Editorial : Je crois ce que je vois&#8230;"},"content":{"rendered":"<p>Et facilement je peux tomber dans l&rsquo;autosuffisance, et \u00e0 force de nombrilisme, c&rsquo;est l&rsquo;orgueil\u00a0qui me guette.<\/p>\n<p>Il faut dire que ce n&rsquo;est pas \u00e9vident de d\u00e9passer mon horizon bien limit\u00e9\u00a0!<\/p>\n<p>Et pourtant, je sais que cet univers existe au-del\u00e0 de ce que je per\u00e7ois. Cet univers, cette horloge qui a un Horloger&#8230;<\/p>\n<p>En pensant \u00e0 cette rentr\u00e9e, aux nombreuses activit\u00e9s que je vais affronter, je voudrais bien voir au-del\u00e0 de ma perception limit\u00e9e (quoique je me demande si j&rsquo;en ai bien envie&#8230;).<\/p>\n<p>Pour celui qui accepte de d\u00e9passer sa vision des choses, <strong>la Bible nous parle de cet Horloger<\/strong>, le Dieu cr\u00e9ateur de l&rsquo;univers, qui a un plan pour chacun.<\/p>\n<p>Il est extraordinaire de savoir que, dans l&rsquo;univers, l&rsquo;infiniment grand a les m\u00eames structures que l&rsquo;infiniment petit, que rien n&rsquo;est le fruit du hasard. Si Dieu s&rsquo;occupe des galaxies, son plan pour nous autres, petits humains, est aussi sous son regard.<\/p>\n<p>De quoi donner le vertige et en m\u00eame temps remplir de confiance en ce Dieu qui est notre P\u00e8re qui est dans les cieux\u00a0: l&rsquo;infiniment grand, Dieu, veut rejoindre l&rsquo;infiniment petit, chacun de nous, \u00e0 travers son amour.<\/p>\n<p><em>\u00ab\u00a0Ne crains rien, car je suis avec toi\u00a0\u00bb<\/em>, dit l&rsquo;Eternel (Es 41v10).<\/p>\n<p>Seigneur, je crois en toi, je te crois. Et je sais que ta promesse est vraie\u00a0: je l&rsquo;ai v\u00e9cue.<\/p>\n<p>Jean-Ruben<\/p>\n","protected":false},"excerpt":{"rendered":"<p>Et facilement je peux tomber dans l&rsquo;autosuffisance, et \u00e0 force de nombrilisme, c&rsquo;est l&rsquo;orgueil\u00a0qui me guette. Il faut dire que ce n&rsquo;est pas \u00e9vident de d\u00e9passer mon horizon bien limit\u00e9\u00a0! Et pourtant, je sais que cet univers existe au-del\u00e0 de ce que je per\u00e7ois. Cet univers, cette horloge qui a&#8230;<\/p>\n","protected":false},"author":2,"featured_media":0,"comment_status":"open","ping_status":"closed","sticky":false,"template":"","format":"aside","meta":{"_monsterinsights_skip_tracking":false,"_monsterinsights_sitenote_active":false,"_monsterinsights_sitenote_note":"","_monsterinsights_sitenote_category":0,"footnotes":""},"categories":[42],"tags":[],"yoast_head":"<!-- This site is optimized with the Yoast SEO plugin v21.9.1 - https:\/\/yoast.com\/wordpress\/plugins\/seo\/ -->\n<title>Editorial : Je crois ce que je vois...<\/title>\n<meta name=\"description\" content=\"&quot; Je crois ce que je vois &quot; - Seigneur; Dieu, je crois en toi, je te crois. Et je sais que ta promesse est vraie : je l\u2019ai v\u00e9cue.\" \/>\n<meta name=\"robots\" content=\"index, follow, max-snippet:-1, max-image-preview:large, max-video-preview:-1\" \/>\n<link rel=\"canonical\" href=\"https:\/\/agen.umc-europe.org\/eglise\/je-crois-ce-que-je-vois\/\" \/>\n<meta property=\"og:locale\" content=\"fr_FR\" \/>\n<meta property=\"og:type\" content=\"article\" \/>\n<meta property=\"og:title\" content=\"Editorial : Je crois ce que je vois...\" \/>\n<meta property=\"og:description\" content=\"&quot; Je crois ce que je vois &quot; - Seigneur; Dieu, je crois en toi, je te crois. Et je sais que ta promesse est vraie : je l\u2019ai v\u00e9cue.\" \/>\n<meta property=\"og:url\" content=\"https:\/\/agen.umc-europe.org\/eglise\/je-crois-ce-que-je-vois\/\" \/>\n<meta property=\"og:site_name\" content=\"\u00c9glise Protestante \u00c9vang\u00e9lique M\u00e9thodiste Agen\" \/>\n<meta property=\"article:publisher\" content=\"https:\/\/www.facebook.com\/EgliseAgen\/\" \/>\n<meta property=\"article:published_time\" content=\"2014-09-01T09:50:47+00:00\" \/>\n<meta property=\"article:modified_time\" content=\"2017-12-17T09:48:13+00:00\" \/>\n<meta name=\"author\" content=\"eglise.agen\" \/>\n<meta name=\"twitter:card\" content=\"summary_large_image\" \/>\n<meta name=\"twitter:creator\" content=\"@EgliseAgen\" \/>\n<meta name=\"twitter:site\" content=\"@EgliseAgen\" \/>\n<meta name=\"twitter:label1\" content=\"\u00c9crit par\" \/>\n\t<meta name=\"twitter:data1\" content=\"eglise.agen\" \/>\n\t<meta name=\"twitter:label2\" content=\"Dur\u00e9e de lecture estim\u00e9e\" \/>\n\t<meta name=\"twitter:data2\" content=\"1 minute\" \/>\n<script type=\"application\/ld+json\" class=\"yoast-schema-graph\">{\"@context\":\"https:\/\/schema.org\",\"@graph\":[{\"@type\":\"WebPage\",\"@id\":\"https:\/\/agen.umc-europe.org\/eglise\/je-crois-ce-que-je-vois\/\",\"url\":\"https:\/\/agen.umc-europe.org\/eglise\/je-crois-ce-que-je-vois\/\",\"name\":\"Editorial : Je crois ce que je vois...\",\"isPartOf\":{\"@id\":\"https:\/\/agen.umc-europe.org\/eglise\/#website\"},\"datePublished\":\"2014-09-01T09:50:47+00:00\",\"dateModified\":\"2017-12-17T09:48:13+00:00\",\"author\":{\"@id\":\"https:\/\/agen.umc-europe.org\/eglise\/#\/schema\/person\/e4e75e8bdea6a53fc59d926ccb55abe7\"},\"description\":\"\\\" Je crois ce que je vois \\\" - Seigneur; Dieu, je crois en toi, je te crois. Et je sais que ta promesse est vraie : je l\u2019ai v\u00e9cue.\",\"breadcrumb\":{\"@id\":\"https:\/\/agen.umc-europe.org\/eglise\/je-crois-ce-que-je-vois\/#breadcrumb\"},\"inLanguage\":\"fr-FR\",\"potentialAction\":[{\"@type\":\"ReadAction\",\"target\":[\"https:\/\/agen.umc-europe.org\/eglise\/je-crois-ce-que-je-vois\/\"]}]},{\"@type\":\"BreadcrumbList\",\"@id\":\"https:\/\/agen.umc-europe.org\/eglise\/je-crois-ce-que-je-vois\/#breadcrumb\",\"itemListElement\":[{\"@type\":\"ListItem\",\"position\":1,\"name\":\"Accueil\",\"item\":\"https:\/\/agen.umc-europe.org\/eglise\/\"},{\"@type\":\"ListItem\",\"position\":2,\"name\":\"Editorial : Je crois ce que je vois&#8230;\"}]},{\"@type\":\"WebSite\",\"@id\":\"https:\/\/agen.umc-europe.org\/eglise\/#website\",\"url\":\"https:\/\/agen.umc-europe.org\/eglise\/\",\"name\":\"\u00c9glise Protestante \u00c9vang\u00e9lique M\u00e9thodiste Agen\",\"description\":\"Des chr\u00e9tiens \u00e9vang\u00e9liques au coeur du Lot et Garonne. &quot;Viens et vois!&quot; ( Jean 1:47 )\",\"potentialAction\":[{\"@type\":\"SearchAction\",\"target\":{\"@type\":\"EntryPoint\",\"urlTemplate\":\"https:\/\/agen.umc-europe.org\/eglise\/?s={search_term_string}\"},\"query-input\":\"required name=search_term_string\"}],\"inLanguage\":\"fr-FR\"},{\"@type\":\"Person\",\"@id\":\"https:\/\/agen.umc-europe.org\/eglise\/#\/schema\/person\/e4e75e8bdea6a53fc59d926ccb55abe7\",\"name\":\"eglise.agen\",\"description\":\"Administateur du site de l'\u00e9glise d'Agen\",\"sameAs\":[\"https:\/\/agen.umc-europe.org\/eglise\/\"],\"url\":\"https:\/\/agen.umc-europe.org\/eglise\/author\/eem_agen\/\"}]}<\/script>\n<!-- \/ Yoast SEO plugin. -->","yoast_head_json":{"title":"Editorial : Je crois ce que je vois...","description":"\" Je crois ce que je vois \" - Seigneur; Dieu, je crois en toi, je te crois. Et je sais que ta promesse est vraie : je l\u2019ai v\u00e9cue.","robots":{"index":"index","follow":"follow","max-snippet":"max-snippet:-1","max-image-preview":"max-image-preview:large","max-video-preview":"max-video-preview:-1"},"canonical":"https:\/\/agen.umc-europe.org\/eglise\/je-crois-ce-que-je-vois\/","og_locale":"fr_FR","og_type":"article","og_title":"Editorial : Je crois ce que je vois...","og_description":"\" Je crois ce que je vois \" - Seigneur; Dieu, je crois en toi, je te crois. Et je sais que ta promesse est vraie : je l\u2019ai v\u00e9cue.","og_url":"https:\/\/agen.umc-europe.org\/eglise\/je-crois-ce-que-je-vois\/","og_site_name":"\u00c9glise Protestante \u00c9vang\u00e9lique M\u00e9thodiste Agen","article_publisher":"https:\/\/www.facebook.com\/EgliseAgen\/","article_published_time":"2014-09-01T09:50:47+00:00","article_modified_time":"2017-12-17T09:48:13+00:00","author":"eglise.agen","twitter_card":"summary_large_image","twitter_creator":"@EgliseAgen","twitter_site":"@EgliseAgen","twitter_misc":{"\u00c9crit par":"eglise.agen","Dur\u00e9e de lecture estim\u00e9e":"1 minute"},"schema":{"@context":"https:\/\/schema.org","@graph":[{"@type":"WebPage","@id":"https:\/\/agen.umc-europe.org\/eglise\/je-crois-ce-que-je-vois\/","url":"https:\/\/agen.umc-europe.org\/eglise\/je-crois-ce-que-je-vois\/","name":"Editorial : Je crois ce que je vois...","isPartOf":{"@id":"https:\/\/agen.umc-europe.org\/eglise\/#website"},"datePublished":"2014-09-01T09:50:47+00:00","dateModified":"2017-12-17T09:48:13+00:00","author":{"@id":"https:\/\/agen.umc-europe.org\/eglise\/#\/schema\/person\/e4e75e8bdea6a53fc59d926ccb55abe7"},"description":"\" Je crois ce que je vois \" - Seigneur; Dieu, je crois en toi, je te crois. Et je sais que ta promesse est vraie : je l\u2019ai v\u00e9cue.","breadcrumb":{"@id":"https:\/\/agen.umc-europe.org\/eglise\/je-crois-ce-que-je-vois\/#breadcrumb"},"inLanguage":"fr-FR","potentialAction":[{"@type":"ReadAction","target":["https:\/\/agen.umc-europe.org\/eglise\/je-crois-ce-que-je-vois\/"]}]},{"@type":"BreadcrumbList","@id":"https:\/\/agen.umc-europe.org\/eglise\/je-crois-ce-que-je-vois\/#breadcrumb","itemListElement":[{"@type":"ListItem","position":1,"name":"Accueil","item":"https:\/\/agen.umc-europe.org\/eglise\/"},{"@type":"ListItem","position":2,"name":"Editorial : Je crois ce que je vois&#8230;"}]},{"@type":"WebSite","@id":"https:\/\/agen.umc-europe.org\/eglise\/#website","url":"https:\/\/agen.umc-europe.org\/eglise\/","name":"\u00c9glise Protestante \u00c9vang\u00e9lique M\u00e9thodiste Agen","description":"Des chr\u00e9tiens \u00e9vang\u00e9liques au coeur du Lot et Garonne. &quot;Viens et vois!&quot; ( Jean 1:47 )","potentialAction":[{"@type":"SearchAction","target":{"@type":"EntryPoint","urlTemplate":"https:\/\/agen.umc-europe.org\/eglise\/?s={search_term_string}"},"query-input":"required name=search_term_string"}],"inLanguage":"fr-FR"},{"@type":"Person","@id":"https:\/\/agen.umc-europe.org\/eglise\/#\/schema\/person\/e4e75e8bdea6a53fc59d926ccb55abe7","name":"eglise.agen","description":"Administateur du site de l'\u00e9glise d'Agen","sameAs":["https:\/\/agen.umc-europe.org\/eglise\/"],"url":"https:\/\/agen.umc-europe.org\/eglise\/author\/eem_agen\/"}]}},"views":329,"_links":{"self":[{"href":"https:\/\/agen.umc-europe.org\/eglise\/wp-json\/wp\/v2\/posts\/222"}],"collection":[{"href":"https:\/\/agen.umc-europe.org\/eglise\/wp-json\/wp\/v2\/posts"}],"about":[{"href":"https:\/\/agen.umc-europe.org\/eglise\/wp-json\/wp\/v2\/types\/post"}],"author":[{"embeddable":true,"href":"https:\/\/agen.umc-europe.org\/eglise\/wp-json\/wp\/v2\/users\/2"}],"replies":[{"embeddable":true,"href":"https:\/\/agen.umc-europe.org\/eglise\/wp-json\/wp\/v2\/comments?post=222"}],"version-history":[{"count":6,"href":"https:\/\/agen.umc-europe.org\/eglise\/wp-json\/wp\/v2\/posts\/222\/revisions"}],"predecessor-version":[{"id":730,"href":"https:\/\/agen.umc-europe.org\/eglise\/wp-json\/wp\/v2\/posts\/222\/revisions\/730"}],"wp:attachment":[{"href":"https:\/\/agen.umc-europe.org\/eglise\/wp-json\/wp\/v2\/media?parent=222"}],"wp:term":[{"taxonomy":"category","embeddable":true,"href":"https:\/\/agen.umc-europe.org\/eglise\/wp-json\/wp\/v2\/categories?post=222"},{"taxonomy":"post_tag","embeddable":true,"href":"https:\/\/agen.umc-europe.org\/eglise\/wp-json\/wp\/v2\/tags?post=222"}],"curies":[{"name":"wp","href":"https:\/\/api.w.org\/{rel}","templated":true}]}}