{"id":1686,"date":"2015-05-22T12:57:08","date_gmt":"2015-05-22T11:57:08","guid":{"rendered":"http:\/\/agen.umc-europe.org\/eglise\/?p=1686"},"modified":"2019-08-01T09:05:47","modified_gmt":"2019-08-01T08:05:47","slug":"les-transformations-par-le-saint-esprit-jean-20v19-21-actes-2v1-8","status":"publish","type":"post","link":"https:\/\/agen.umc-europe.org\/eglise\/les-transformations-par-le-saint-esprit-jean-20v19-21-actes-2v1-8\/","title":{"rendered":"Jean 20v19-21, Actes 2v1-8 : Les transformations par le Saint-Esprit"},"content":{"rendered":"<p>Il y a pr\u00e8s de 20 si\u00e8cles survenait un \u00e9v\u00e8nement qui a boulevers\u00e9 des milliers de personnes et par la suite une bonne partie de la soci\u00e9t\u00e9. La transformation qui s\u2019en est suivie a \u00e9t\u00e9 extraordinaire\u00a0! Un fait abstrait, qu\u2019on ne pouvait toucher (<a href=\"https:\/\/agen.umc-europe.org\/eglise\/faq-spiritualite\/saint-esprit\/\"><strong>la venue du Saint-Esprit<\/strong><\/a>) a eu des r\u00e9percussions concr\u00e8tes chez ceux qui acceptaient de vivre pour Dieu. Mais si nous parlons de ce que Dieu a fait il y a si longtemps, c\u2019est parce qu\u2019il veut continuer \u00e0 l\u2019accomplir aujourd\u2019hui. Mais a-t-on besoin d\u2019\u00eatre transform\u00e9\u2026\u00a0?\u00a0Quelles ont \u00e9t\u00e9 ces transformations\u00a0?<\/p>\n<p><!--more--><\/p>\n<h2><u>1. Transformation de la vie int\u00e9rieure des disciples<\/u>:<\/h2>\n<p>\u00ab\u00a0Le soir du premier jour de la semaine [apr\u00e8s la mort de J\u00e9sus], les portes du lieu o\u00f9 se trouvaient les disciples \u00e9taient ferm\u00e9es \u00e0 cause de la crainte des juifs\u00a0\u00bb (Jean 20)\u00a0; m\u00eame chose 8 jours plus tard. C\u2019est <strong>la peur<\/strong> qui les enfermait sur eux-m\u00eames. Ils savent que leur Ma\u00eetre \u00e9tait ressuscit\u00e9 mais ils ne r\u00e9ussissent pas \u00e0 vivre les promesses qu\u2019il leur avait donn\u00e9es\u00a0: \u00ab\u00a0Je vous laisse la paix\u00a0\u00bb (Jean 14v27)\u00a0; \u00ab\u00a0<strong>Que la paix soit avec vous<\/strong>\u00a0\u00bb (Jean 20v21, 26). Normalement, ensemble on a moins peur, mais les disciples malgr\u00e9 cela continuent \u00e0 vivre repli\u00e9s sur eux-m\u00eames. M\u00eame Pierre, le dur, reste enferm\u00e9\u00a0; il avait pourtant affirm\u00e9 haut et fort\u00a0: \u00ab\u00a0Jusqu\u2019au bout je te suivrai\u00a0!\u00a0\u00bb Mais la peur l\u2019avait fait mentir et renier son Ma\u00eetre, tr\u00e8s rapidement apr\u00e8s.<\/p>\n<p>Nous pouvons conna\u00eetre l\u2019angoisse, la peur des autres, du pass\u00e9, du pr\u00e9sent, de l\u2019avenir, du travail, de la sant\u00e9,\u2026 Cet \u00e9tat d\u2019esprit nous perturbe profond\u00e9ment, aussi bien dans notre mani\u00e8re d\u2019aborder les situations que dans nos relations avec les autres. On se replie sur soi, on pense que le fait de se couper d\u2019avec les autres, c\u2019est le mieux\u2026<\/p>\n<p>L\u2019anxi\u00e9t\u00e9 vient d\u2019une confiance en soi\u00a0: nous n\u2019abordons les \u00e9v\u00e8nements qu\u2019en comptant sur nous-m\u00eames\u00a0; et lorsque nous ne les ma\u00eetrisons pas, nous perdons notre assurance. Le chr\u00e9tien peut conna\u00eetre la peur. Personne n\u2019est \u00e0 l\u2019abri, mais ce qui s\u2019est pass\u00e9 ce jour de la Pentec\u00f4te nous montre que <strong>la solution est de nous laisser diriger, contr\u00f4ler par l\u2019Esprit de Dieu<\/strong>. C\u2019est gr\u00e2ce \u00e0 son action que nous pouvons \u00eatre lib\u00e9r\u00e9s de la peur. Au lieu de chercher \u00e0 la vaincre par nous-m\u00eames, l\u2019action de Dieu passe par la confiance en lui.<\/p>\n<p>C\u2019est le message que les ap\u00f4tres ont donn\u00e9 par la suite\u00a0: \u00ab\u00a0L\u2019Esprit conduit \u00e0 la vie et \u00e0 la paix\u00a0\u00bb (Romains 8v6)\u00a0; \u00ab\u00a0Le royaume de Dieu, c\u2019est la paix et la joie, par le Saint Esprit\u00a0\u00bb (Romains 14v17)\u00a0; un des fruits de l\u2019Esprit \u2013 c&rsquo;est-\u00e0-dire une des cons\u00e9quences de la pr\u00e9sence de Dieu en nous \u2013 c\u2019est la paix (Galates 5v22). Le Seigneur veut nous faire entendre que sans lui, nous ne sommes rien. Les disciples l\u2019ont v\u00e9cu en ce jour de Pentec\u00f4te et par la suite.<\/p>\n<p>L\u2019\u0153uvre que le Saint Esprit a accompli en ce jour est une <strong>\u0153uvre lib\u00e9ratrice<\/strong>. Quand les 120 disciples ont \u00e9t\u00e9 remplis de l\u2019Esprit de Dieu, ils ont \u00e9t\u00e9 lib\u00e9r\u00e9s d\u2019eux-m\u00eames et n\u2019ont plus \u00e9t\u00e9 li\u00e9s par la crainte d\u2019\u00eatre confront\u00e9s aux autres, ni de la prison, ni m\u00eame le risque de la mort. Quelques jours plus tard, les disciples vivent la prison, mais une fois rel\u00e2ch\u00e9s, ils ne sont pas envahis par la peur mais au contraire ils sont remplis d\u2019assurance.<\/p>\n<p>Mais il est n\u00e9cessaire qu\u2019ils soient de nouveau <strong>remplis du Saint Esprit<\/strong> (Actes 4v31)\u00a0: la peur les avait saisis de nouveau mais ils prient\u00a0; ils ne placent plus leur confiance dans leurs propres capacit\u00e9s mais dans celle que Dieu donne. On n\u2019a pas la paix une fois pour toutes\u00a0; elle est renouvel\u00e9e quand on se tourne vers Dieu dans la confiance et la d\u00e9pendance. C\u2019est pourquoi Paul dit\u00a0: \u00ab\u00a0Soyez constamment en train d\u2019\u00eatre remplis de l\u2019Esprit\u00a0\u00bb (Eph\u00e9siens 5v18).<\/p>\n<h2><span style=\"text-decoration: underline;\">2. Transformation par l\u2019Esprit de\u00a0l\u2019engagement vis-\u00e0-vis de Dieu:<\/span><\/h2>\n<p>Les derni\u00e8res paroles de J\u00e9sus \u00e0 ses disciples ont \u00e9t\u00e9 relatives au <strong>t\u00e9moignage\u00a0<\/strong>: \u00ab\u00a0Allez, faites de toutes les nations des disciples\u2026\u00a0\u00bb (Matthieu 28v19). <strong>Leur mission est l\u2019\u00e9vang\u00e9lisation<\/strong>, mais ils sont tenaill\u00e9s par d\u2019autres sentiments et ils restent enferm\u00e9s sur eux-m\u00eames.<\/p>\n<p>Il est \u00e9vident que nous pouvons avancer bien des arguments pour nous prouver que les hommes sont irr\u00e9ligieux et qu\u2019ils rejetteront notre t\u00e9moignage. Mais il faut reconna\u00eetre que nous craignons d\u2019\u00eatre nous-m\u00eames rejet\u00e9s. Nous nous taisons\u00a0; je me tais trop facilement.<\/p>\n<p>La p\u00e9riode apr\u00e8s la mort et la r\u00e9surrection n\u2019a pas \u00e9t\u00e9 une attente passive mais les disciples priaient. Nous faisons facilement un constat d\u2019\u00e9chec quant \u00e0 notre t\u00e9moignage, mais prions-nous pour que le Seigneur nous qualifie\u00a0? En tout cas, ce que les disciples attendaient, nous n\u2019avons plus \u00e0 l\u2019attendre\u00a0: le Saint Esprit est descendu\u00a0; et J\u00e9sus avait dit que l\u2019Esprit demeurerait toujours avec eux (Jean 14v16).<\/p>\n<p>La pri\u00e8re permet \u00e0 Dieu d\u2019agir et il nous qualifie lui-m\u00eame alors.<\/p>\n<p>Mais ce n\u2019est qu\u2019une fois remplis du Saint-Esprit que les ap\u00f4tres ne font plus que de se regarder entre 4 yeux et 4 murs. Ils sont pouss\u00e9s par l\u2019Esprit\u00a0; et quand <strong>ce \u00ab\u00a0souffle\u00a0\u00bb de Dieu les pousse, ils vont vers les autres<\/strong>. Ce jour de la <a href=\"https:\/\/agen.umc-europe.org\/eglise\/de-babel-a-la-pentecote-dieu-intervient\/\">Pentec\u00f4te<\/a>, \u00ab\u00a0ils furent tous remplis du Saint Esprit et ils se mirent \u00e0 parler\u2026\u00a0\u00bb (Actes 2v4). <a href=\"https:\/\/agen.umc-europe.org\/eglise\/actes-20v16-39-discours-de-paul-a-milet\/\">Paul \u00e9crit aux chr\u00e9tiens d\u2019Eph\u00e8se<\/a> (Eph\u00e9siens 5v19) qu\u2019une des cons\u00e9quences de la pl\u00e9nitude du Saint Esprit, c\u2019est\u00a0la communication avec les autres\u00a0: \u00ab\u00a0Laissez-vous constamment remplir par l\u2019Esprit\u00a0: ainsi vous vous encouragerez mutuellement\u00a0\u00bb. Notre responsabilit\u00e9 n\u2019est pas dans le fait de faire des efforts pour sortir de notre coquille ou de notre \u00e9gocentrisme, mais de d\u00e9sirer nous laisser conduire par le Saint Esprit.<\/p>\n<p>Le jour de la Pentec\u00f4te, les disciples \u00ab\u00a0se mirent \u00e0 parler en d\u2019autres langues, selon que l\u2019Esprit leur donnait de s\u2019exprimer\u00a0\u00bb (Actes 2v4)\u00a0: nous croyons que c\u2019\u00e9taient des langues connues, parl\u00e9es par les p\u00e8lerins qui venaient de plusieurs pays. Ainsi leur t\u00e9moignage a \u00e9t\u00e9 efficace. Par l\u2019action de Dieu en eux, ils sont devenus des fonceurs pour Dieu. Rien ne va les arr\u00eater, pas m\u00eame la prison\u00a0: apr\u00e8s avoir \u00e9t\u00e9 emprisonn\u00e9s \u00e0 cause de leur t\u00e9moignage, ils se r\u00e9unissent, ils se parlent de ce qu\u2019ils ont v\u00e9cu et ils prient. \u00ab\u00a0Quand ils eurent pri\u00e9, ils furent remplis du Saint Esprit et ils annon\u00e7aient la Parole de Dieu avec assurance\u00a0\u00bb (Actes 4v31).<\/p>\n<p><strong>L\u2019Esprit de Dieu donne les armes n\u00e9cessaires pour aller de l\u2019avant<\/strong> pour lui\u00a0: il est un \u00ab\u00a0Esprit de force, d\u2019amour et de sagesse\u00a0\u00bb (2 Timoth\u00e9 1v7). Quand on en est rempli, le risque n\u2019\u00e9touffe pas le but\u00a0: \u00ab\u00a0Il y eut une grande pers\u00e9cution contre l\u2019Eglise de J\u00e9rusalem\u00a0; ceux qui avaient \u00e9t\u00e9 dispers\u00e9s allaient de lieu en lieu, annon\u00e7ant la Bonne Nouvelle de la Parole\u00a0\u00bb (Actes 8v1, 4).<\/p>\n<p>Les premiers chr\u00e9tiens ont \u00e9t\u00e9 m\u00e9tamorphos\u00e9s pour \u00eatre les <a href=\"http:\/\/temoinsdejesus.fr\/\">t\u00e9moins de J\u00e9sus-Christ<\/a>. Et nous\u00a0? C\u2019est aussi notre responsabilit\u00e9\u00a0; le moyen de la vivre est la m\u00eame que pour les premiers chr\u00e9tiens\u00a0\u00e0 qui J\u00e9sus a dit\u00a0: \u00ab\u00a0Vous recevrez une puissance, le Saint Esprit, et vous serez mes t\u00e9moins\u00a0\u00bb (Actes 1v8).<\/p>\n<p>Mais <strong>ce qui peut nous manquer, c\u2019est peut-\u00eatre un des fruits de l\u2019Esprit\u00a0: l\u2019amour<\/strong>\u00a0; l\u2019amour selon Dieu.<\/p>\n<p>Cela nous permet de parler de la troisi\u00e8me transformation qu\u2019op\u00e8re l\u2019Esprit de Dieu chez les disciples.<\/p>\n<h2><u>3. Transformation dans les relations avec les autres<\/u>:<\/h2>\n<p>Voyons l\u2019attitude des disciples durant les 3 ans pass\u00e9s avec J\u00e9sus,\u00a0avec 3 exemples n\u00e9gatifs.<\/p>\n<p>&#8211; Entre eux, quels sentiments manifestaient-ils\u00a0? La plupart du temps, tr\u00e8s bons. Mais l\u2019\u00e9pisode de la demande des 2 fr\u00e8res Jacques et Jean montre que ce qui les travaillait \u00e9tait m\u00fb par l\u2019orgueil\u00a0: leur demande, c\u2019est d\u2019\u00eatre, eux, les plus pr\u00e8s de Dieu dans le ciel (Matthieu 20v21). Et J\u00e9sus leur r\u00e9pond\u00a0: \u00ab\u00a0Quiconque veut \u00eatre grand parmi vous, qu\u2019il soit votre serviteur\u00a0\u00bb.<\/p>\n<p>Paul \u00e9crira aux Eph\u00e9siens qu\u2019une des cons\u00e9quences de la pl\u00e9nitude de l\u2019Esprit dans la vie du chr\u00e9tien est la <strong>soumission r\u00e9ciproque<\/strong>\u00a0: \u00ab\u00a0Laissez-vous constamment remplir par l\u2019Esprit\u00a0; parce que vous r\u00e9v\u00e9rez le Christ, vous vous soumettrez les uns aux autres\u00a0\u00bb (Eph\u00e9siens 5v18 et 21).<\/p>\n<p>&#8211; Vis-\u00e0-vis des enfants qu\u2019on amenait \u00e0 J\u00e9sus pour qu\u2019il les b\u00e9nisse, les disciples les repoussent\u00a0; mais J\u00e9sus leur dit\u00a0: \u00ab\u00a0Laissez venir \u00e0 moi les petits enfants\u00a0\u00bb (Luc 18v16). Le rejet des plus faibles n\u2019est pas digne de celui qui vit en suivant Dieu.<\/p>\n<p>&#8211; Vis-\u00e0-vis des \u00e9trangers qui ne faisaient pas partie, selon les disciples, du peuple de Dieu, ils sont tr\u00e8s s\u00e9v\u00e8res\u00a0: face \u00e0 la femme canan\u00e9enne qui demandait \u00e0 J\u00e9sus d\u2019intervenir dans la maladie de sa fille, les disciples sont cat\u00e9goriques\u00a0: \u00ab\u00a0Renvoie-la car elle crie derri\u00e8re nous\u00a0!\u00a0\u00bb (Matthieu 15v23). Mais J\u00e9sus, lui, \u00ab\u00a0voyant la foi de cette femme\u00a0\u00bb gu\u00e9rit sa fille.<\/p>\n<p>Les r\u00e9actions des chr\u00e9tiens, les n\u00f4tres, sont peut-\u00eatre de temps en temps de la m\u00eame trempe. Notre vie de famille refl\u00e8te un manque d\u2019amour\u00a0; notre t\u00e9moignage est amoindri par <a href=\"https:\/\/agen.umc-europe.org\/eglise\/etre-sourd-aux-autres\/\">notre indiff\u00e9rence<\/a>.<\/p>\n<p>Mais <strong>\u00e0 Pentec\u00f4te, l\u2019attitude des disciples change<\/strong>, non pas tellement \u00e0 cause d\u2019une prise de conscience de cet \u00e9tat de choses et d\u2019un effort prodigieux, mais parce qu\u2019<strong>ils ont \u00e9t\u00e9 remplis du Saint Esprit<\/strong>. Leur regard et leur comportement ont chang\u00e9\u00a0! La preuve\u00a0:<\/p>\n<p>&#8211; Ils manifestent concr\u00e8tement <strong>l\u2019amour entre eux<\/strong>\u00a0: \u00ab\u00a0Ils partageaient le produit de leurs biens entre tous, selon les besoins de chacun\u00a0\u00bb (Actes 2v45)\u00a0; \u00ab\u00a0il n\u2019y avait parmi eux aucun indigent\u00a0\u00bb (Actes 4v34).<\/p>\n<p>&#8211; Envers les \u00e9trangers, suite \u00e0 la conversion des premiers pa\u00efens, Pierre dit aux autres chr\u00e9tiens offusqu\u00e9s de son ouverture,\u00a0que c\u2019est l\u2019Esprit qui l\u2019a persuad\u00e9 d\u2019aller vers ces \u00e9trangers : \u00ab\u00a0Dieu m\u2019a appris \u00e0 ne regarder aucun homme comme souill\u00e9 ou impur\u00a0\u00bb (Actes 10v28).<\/p>\n<p>&#8211; Vis-\u00e0-vis des ennemis, quelle est l\u2019attitude de celui dont la vie est contr\u00f4l\u00e9e par le Saint Esprit\u00a0? Etienne, \u00ab\u00a0rempli du Saint Esprit\u00a0\u00bb (Actes 7v55), sous les pierres que les pharisiens lui jetaient, dit\u00a0: \u00ab\u00a0Seigneur, ne leur ajoute pas ce p\u00e9ch\u00e9\u00a0\u00bb (v60).<\/p>\n<p>Ces transformations sont la marque de l\u2019Esprit de Dieu en eux. Nous avons besoin d\u2019\u00eatre aussi constamment remplis du Saint Esprit pour que nous ne retombions pas dans les pi\u00e8ges qui sont malheureusement tr\u00e8s humains.<\/p>\n<p>Apr\u00e8s la Pentec\u00f4te, les disciples n\u2019\u00e9taient plus des receveurs mais des distributeurs\u00a0; <strong>par l\u2019action du Saint-Esprit, ils d\u00e9bordaient de joie (au lieu de la peur), de l\u2019amour (au lieu de l\u2019indiff\u00e9rence ou du rejet)<\/strong>. Ils devenaient plus exactement des receveurs-distributeurs\u00a0; leur communion avec le Seigneur d\u00e9bordait\u00a0! L\u2019\u0153uvre que le Saint Esprit a op\u00e9r\u00e9e a \u00e9t\u00e9 de briser leur \u00e9gocentrisme, et ils vivaient pour Dieu et pour les autres.<\/p>\n<p>Nous avons besoin de cela jour apr\u00e8s jour dans notre vie\u00a0; mais il faut le reconna\u00eetre, prier et croire que Dieu va continuer \u00e0 nous transformer de la m\u00eame mani\u00e8re que les premiers disciples.<\/p>\n<p>\u00ab\u00a0Que Dieu vous comble de toute joie et de sa paix par votre confiance en lui. Ainsi votre c\u0153ur d\u00e9bordera d\u2019esp\u00e9rance <em>par la puissance du Saint Esprit\u00a0<\/em>\u00bb (Romains 15v13).<\/p>\n<p>Jean-Ruben<\/p>\n<div style=\"display: block; padding: 8px; border: 1px none; background: #888888 none repeat scroll 0% 0%;\">Retrouvez les quatre sections de cet enseignement sur le Saint Esprit :<\/p>\n<ol>\n<li><a href=\"https:\/\/agen.umc-europe.org\/eglise\/qui-est-dieu-le-saint-esprit-dans-ancien-testament\/\">Le Saint-Esprit dans l&rsquo;Ancien Testament<\/a>;<\/li>\n<li><a href=\"https:\/\/agen.umc-europe.org\/eglise\/saint-esprit-enseignement-de-jesus-et-des-apotres\/\">L\u2019enseignement de J\u00e9sus sur l&rsquo;Esprit Saint<\/a>;<\/li>\n<li><a href=\"https:\/\/agen.umc-europe.org\/eglise\/1-corinthiens-12v27-31-dons-de-lesprit-equipent-leglise\/\">Les dons de l&rsquo;Esprit dans les \u00e9p\u00eetres<\/a>.<\/li>\n<li><a href=\"https:\/\/agen.umc-europe.org\/eglise\/les-transformations-par-le-saint-esprit-jean-20v19-21-actes-2v1-8\/\">Les transformations par le Saint-Esprit<\/a>.<\/li>\n<\/ol>\n<\/div>\n","protected":false},"excerpt":{"rendered":"<p>Il y a pr\u00e8s de 20 si\u00e8cles survenait un \u00e9v\u00e8nement qui a boulevers\u00e9 des milliers de personnes et par la suite une bonne partie de la soci\u00e9t\u00e9. La transformation qui s\u2019en est suivie a \u00e9t\u00e9 extraordinaire\u00a0! Un fait abstrait, qu\u2019on ne pouvait toucher (la venue du Saint-Esprit) a eu des&#8230;<\/p>\n","protected":false},"author":2,"featured_media":2870,"comment_status":"open","ping_status":"open","sticky":false,"template":"","format":"standard","meta":{"_monsterinsights_skip_tracking":false,"_monsterinsights_sitenote_active":false,"_monsterinsights_sitenote_note":"","_monsterinsights_sitenote_category":0,"footnotes":""},"categories":[40],"tags":[102,82,120,162,168,148],"yoast_head":"<!-- This site is optimized with the Yoast SEO plugin v21.9.1 - https:\/\/yoast.com\/wordpress\/plugins\/seo\/ -->\n<title>Les transformations par le Saint-Esprit<\/title>\n<meta name=\"description\" content=\"Par l\u2019action du Saint-Esprit, les ap\u00f4tres d\u00e9bordaient de joie (au lieu de la peur), d\u2019amour (au lieu de l\u2019indiff\u00e9rence ou du rejet). Qu&#039;il nous remplisse !\" \/>\n<meta name=\"robots\" content=\"index, follow, max-snippet:-1, max-image-preview:large, max-video-preview:-1\" \/>\n<link rel=\"canonical\" href=\"https:\/\/agen.umc-europe.org\/eglise\/les-transformations-par-le-saint-esprit-jean-20v19-21-actes-2v1-8\/\" \/>\n<meta property=\"og:locale\" content=\"fr_FR\" \/>\n<meta property=\"og:type\" content=\"article\" \/>\n<meta property=\"og:title\" content=\"Les transformations par le Saint-Esprit\" \/>\n<meta property=\"og:description\" content=\"Par l\u2019action du Saint-Esprit, les ap\u00f4tres d\u00e9bordaient de joie (au lieu de la peur), d\u2019amour (au lieu de l\u2019indiff\u00e9rence ou du rejet). Qu&#039;il nous remplisse !\" \/>\n<meta property=\"og:url\" content=\"https:\/\/agen.umc-europe.org\/eglise\/les-transformations-par-le-saint-esprit-jean-20v19-21-actes-2v1-8\/\" \/>\n<meta property=\"og:site_name\" content=\"\u00c9glise Protestante \u00c9vang\u00e9lique M\u00e9thodiste Agen\" \/>\n<meta property=\"article:publisher\" content=\"https:\/\/www.facebook.com\/EgliseAgen\/\" \/>\n<meta property=\"article:published_time\" content=\"2015-05-22T11:57:08+00:00\" \/>\n<meta property=\"article:modified_time\" content=\"2019-08-01T08:05:47+00:00\" \/>\n<meta property=\"og:image\" content=\"https:\/\/agen.umc-europe.org\/eglise\/wp-content\/uploads\/2017\/06\/transformation-saint-esprit.jpg\" \/>\n\t<meta property=\"og:image:width\" content=\"1025\" \/>\n\t<meta property=\"og:image:height\" content=\"200\" \/>\n\t<meta property=\"og:image:type\" content=\"image\/jpeg\" \/>\n<meta name=\"author\" content=\"eglise.agen\" \/>\n<meta name=\"twitter:card\" content=\"summary_large_image\" \/>\n<meta name=\"twitter:creator\" content=\"@EgliseAgen\" \/>\n<meta name=\"twitter:site\" content=\"@EgliseAgen\" \/>\n<meta name=\"twitter:label1\" content=\"\u00c9crit par\" \/>\n\t<meta name=\"twitter:data1\" content=\"eglise.agen\" \/>\n\t<meta name=\"twitter:label2\" content=\"Dur\u00e9e de lecture estim\u00e9e\" \/>\n\t<meta name=\"twitter:data2\" content=\"10 minutes\" \/>\n<script type=\"application\/ld+json\" class=\"yoast-schema-graph\">{\"@context\":\"https:\/\/schema.org\",\"@graph\":[{\"@type\":\"WebPage\",\"@id\":\"https:\/\/agen.umc-europe.org\/eglise\/les-transformations-par-le-saint-esprit-jean-20v19-21-actes-2v1-8\/\",\"url\":\"https:\/\/agen.umc-europe.org\/eglise\/les-transformations-par-le-saint-esprit-jean-20v19-21-actes-2v1-8\/\",\"name\":\"Les transformations par le Saint-Esprit\",\"isPartOf\":{\"@id\":\"https:\/\/agen.umc-europe.org\/eglise\/#website\"},\"datePublished\":\"2015-05-22T11:57:08+00:00\",\"dateModified\":\"2019-08-01T08:05:47+00:00\",\"author\":{\"@id\":\"https:\/\/agen.umc-europe.org\/eglise\/#\/schema\/person\/e4e75e8bdea6a53fc59d926ccb55abe7\"},\"description\":\"Par l\u2019action du Saint-Esprit, les ap\u00f4tres d\u00e9bordaient de joie (au lieu de la peur), d\u2019amour (au lieu de l\u2019indiff\u00e9rence ou du rejet). Qu'il nous remplisse !\",\"breadcrumb\":{\"@id\":\"https:\/\/agen.umc-europe.org\/eglise\/les-transformations-par-le-saint-esprit-jean-20v19-21-actes-2v1-8\/#breadcrumb\"},\"inLanguage\":\"fr-FR\",\"potentialAction\":[{\"@type\":\"ReadAction\",\"target\":[\"https:\/\/agen.umc-europe.org\/eglise\/les-transformations-par-le-saint-esprit-jean-20v19-21-actes-2v1-8\/\"]}]},{\"@type\":\"BreadcrumbList\",\"@id\":\"https:\/\/agen.umc-europe.org\/eglise\/les-transformations-par-le-saint-esprit-jean-20v19-21-actes-2v1-8\/#breadcrumb\",\"itemListElement\":[{\"@type\":\"ListItem\",\"position\":1,\"name\":\"Accueil\",\"item\":\"https:\/\/agen.umc-europe.org\/eglise\/\"},{\"@type\":\"ListItem\",\"position\":2,\"name\":\"Jean 20v19-21, Actes 2v1-8 : Les transformations par le Saint-Esprit\"}]},{\"@type\":\"WebSite\",\"@id\":\"https:\/\/agen.umc-europe.org\/eglise\/#website\",\"url\":\"https:\/\/agen.umc-europe.org\/eglise\/\",\"name\":\"\u00c9glise Protestante \u00c9vang\u00e9lique M\u00e9thodiste Agen\",\"description\":\"Des chr\u00e9tiens \u00e9vang\u00e9liques au coeur du Lot et Garonne. &quot;Viens et vois!&quot; ( Jean 1:47 )\",\"potentialAction\":[{\"@type\":\"SearchAction\",\"target\":{\"@type\":\"EntryPoint\",\"urlTemplate\":\"https:\/\/agen.umc-europe.org\/eglise\/?s={search_term_string}\"},\"query-input\":\"required name=search_term_string\"}],\"inLanguage\":\"fr-FR\"},{\"@type\":\"Person\",\"@id\":\"https:\/\/agen.umc-europe.org\/eglise\/#\/schema\/person\/e4e75e8bdea6a53fc59d926ccb55abe7\",\"name\":\"eglise.agen\",\"description\":\"Administateur du site de l'\u00e9glise d'Agen\",\"sameAs\":[\"https:\/\/agen.umc-europe.org\/eglise\/\"],\"url\":\"https:\/\/agen.umc-europe.org\/eglise\/author\/eem_agen\/\"}]}<\/script>\n<!-- \/ Yoast SEO plugin. -->","yoast_head_json":{"title":"Les transformations par le Saint-Esprit","description":"Par l\u2019action du Saint-Esprit, les ap\u00f4tres d\u00e9bordaient de joie (au lieu de la peur), d\u2019amour (au lieu de l\u2019indiff\u00e9rence ou du rejet). Qu'il nous remplisse !","robots":{"index":"index","follow":"follow","max-snippet":"max-snippet:-1","max-image-preview":"max-image-preview:large","max-video-preview":"max-video-preview:-1"},"canonical":"https:\/\/agen.umc-europe.org\/eglise\/les-transformations-par-le-saint-esprit-jean-20v19-21-actes-2v1-8\/","og_locale":"fr_FR","og_type":"article","og_title":"Les transformations par le Saint-Esprit","og_description":"Par l\u2019action du Saint-Esprit, les ap\u00f4tres d\u00e9bordaient de joie (au lieu de la peur), d\u2019amour (au lieu de l\u2019indiff\u00e9rence ou du rejet). Qu'il nous remplisse !","og_url":"https:\/\/agen.umc-europe.org\/eglise\/les-transformations-par-le-saint-esprit-jean-20v19-21-actes-2v1-8\/","og_site_name":"\u00c9glise Protestante \u00c9vang\u00e9lique M\u00e9thodiste Agen","article_publisher":"https:\/\/www.facebook.com\/EgliseAgen\/","article_published_time":"2015-05-22T11:57:08+00:00","article_modified_time":"2019-08-01T08:05:47+00:00","og_image":[{"width":1025,"height":200,"url":"https:\/\/agen.umc-europe.org\/eglise\/wp-content\/uploads\/2017\/06\/transformation-saint-esprit.jpg","type":"image\/jpeg"}],"author":"eglise.agen","twitter_card":"summary_large_image","twitter_creator":"@EgliseAgen","twitter_site":"@EgliseAgen","twitter_misc":{"\u00c9crit par":"eglise.agen","Dur\u00e9e de lecture estim\u00e9e":"10 minutes"},"schema":{"@context":"https:\/\/schema.org","@graph":[{"@type":"WebPage","@id":"https:\/\/agen.umc-europe.org\/eglise\/les-transformations-par-le-saint-esprit-jean-20v19-21-actes-2v1-8\/","url":"https:\/\/agen.umc-europe.org\/eglise\/les-transformations-par-le-saint-esprit-jean-20v19-21-actes-2v1-8\/","name":"Les transformations par le Saint-Esprit","isPartOf":{"@id":"https:\/\/agen.umc-europe.org\/eglise\/#website"},"datePublished":"2015-05-22T11:57:08+00:00","dateModified":"2019-08-01T08:05:47+00:00","author":{"@id":"https:\/\/agen.umc-europe.org\/eglise\/#\/schema\/person\/e4e75e8bdea6a53fc59d926ccb55abe7"},"description":"Par l\u2019action du Saint-Esprit, les ap\u00f4tres d\u00e9bordaient de joie (au lieu de la peur), d\u2019amour (au lieu de l\u2019indiff\u00e9rence ou du rejet). Qu'il nous remplisse !","breadcrumb":{"@id":"https:\/\/agen.umc-europe.org\/eglise\/les-transformations-par-le-saint-esprit-jean-20v19-21-actes-2v1-8\/#breadcrumb"},"inLanguage":"fr-FR","potentialAction":[{"@type":"ReadAction","target":["https:\/\/agen.umc-europe.org\/eglise\/les-transformations-par-le-saint-esprit-jean-20v19-21-actes-2v1-8\/"]}]},{"@type":"BreadcrumbList","@id":"https:\/\/agen.umc-europe.org\/eglise\/les-transformations-par-le-saint-esprit-jean-20v19-21-actes-2v1-8\/#breadcrumb","itemListElement":[{"@type":"ListItem","position":1,"name":"Accueil","item":"https:\/\/agen.umc-europe.org\/eglise\/"},{"@type":"ListItem","position":2,"name":"Jean 20v19-21, Actes 2v1-8 : Les transformations par le Saint-Esprit"}]},{"@type":"WebSite","@id":"https:\/\/agen.umc-europe.org\/eglise\/#website","url":"https:\/\/agen.umc-europe.org\/eglise\/","name":"\u00c9glise Protestante \u00c9vang\u00e9lique M\u00e9thodiste Agen","description":"Des chr\u00e9tiens \u00e9vang\u00e9liques au coeur du Lot et Garonne. &quot;Viens et vois!&quot; ( Jean 1:47 )","potentialAction":[{"@type":"SearchAction","target":{"@type":"EntryPoint","urlTemplate":"https:\/\/agen.umc-europe.org\/eglise\/?s={search_term_string}"},"query-input":"required name=search_term_string"}],"inLanguage":"fr-FR"},{"@type":"Person","@id":"https:\/\/agen.umc-europe.org\/eglise\/#\/schema\/person\/e4e75e8bdea6a53fc59d926ccb55abe7","name":"eglise.agen","description":"Administateur du site de l'\u00e9glise d'Agen","sameAs":["https:\/\/agen.umc-europe.org\/eglise\/"],"url":"https:\/\/agen.umc-europe.org\/eglise\/author\/eem_agen\/"}]}},"views":22472,"_links":{"self":[{"href":"https:\/\/agen.umc-europe.org\/eglise\/wp-json\/wp\/v2\/posts\/1686"}],"collection":[{"href":"https:\/\/agen.umc-europe.org\/eglise\/wp-json\/wp\/v2\/posts"}],"about":[{"href":"https:\/\/agen.umc-europe.org\/eglise\/wp-json\/wp\/v2\/types\/post"}],"author":[{"embeddable":true,"href":"https:\/\/agen.umc-europe.org\/eglise\/wp-json\/wp\/v2\/users\/2"}],"replies":[{"embeddable":true,"href":"https:\/\/agen.umc-europe.org\/eglise\/wp-json\/wp\/v2\/comments?post=1686"}],"version-history":[{"count":9,"href":"https:\/\/agen.umc-europe.org\/eglise\/wp-json\/wp\/v2\/posts\/1686\/revisions"}],"predecessor-version":[{"id":5708,"href":"https:\/\/agen.umc-europe.org\/eglise\/wp-json\/wp\/v2\/posts\/1686\/revisions\/5708"}],"wp:featuredmedia":[{"embeddable":true,"href":"https:\/\/agen.umc-europe.org\/eglise\/wp-json\/wp\/v2\/media\/2870"}],"wp:attachment":[{"href":"https:\/\/agen.umc-europe.org\/eglise\/wp-json\/wp\/v2\/media?parent=1686"}],"wp:term":[{"taxonomy":"category","embeddable":true,"href":"https:\/\/agen.umc-europe.org\/eglise\/wp-json\/wp\/v2\/categories?post=1686"},{"taxonomy":"post_tag","embeddable":true,"href":"https:\/\/agen.umc-europe.org\/eglise\/wp-json\/wp\/v2\/tags?post=1686"}],"curies":[{"name":"wp","href":"https:\/\/api.w.org\/{rel}","templated":true}]}}