{"id":1652,"date":"2015-05-10T16:25:24","date_gmt":"2015-05-10T15:25:24","guid":{"rendered":"http:\/\/agen.umc-europe.org\/eglise\/?p=1652"},"modified":"2018-01-27T21:40:06","modified_gmt":"2018-01-27T20:40:06","slug":"jacques-1v21-25-tout-est-dans-lapplication","status":"publish","type":"post","link":"https:\/\/agen.umc-europe.org\/eglise\/jacques-1v21-25-tout-est-dans-lapplication\/","title":{"rendered":"Jacques 1v21-25 : Tout est dans l\u2019application"},"content":{"rendered":"<p>Les jeunes, vous avez tous (presque) des smartphones ou r\u00eavez d\u2019en avoir un. Sur ces machines, on t\u00e9l\u00e9charge des tas d\u2019applications, elles sont gratuites ou pas mais beaucoup ne servent pas \u00e0 grand-chose ou prennent beaucoup trop de place. Mais il y a aussi des <strong>applications utiles<\/strong>. Certaines nous permettent de faire nos courses, de voir combien de calories nous perdons dans la journ\u00e9e, d\u2019autres nous rappellent notre agenda. Mais elles ne feront pas les choses \u00e0 notre place.<\/p>\n<p>Dans la vie il a y a aussi des applications utiles, d\u2019autres le sont moins et certaines sont nuisibles, d\u00e9voreuses et qui paralysent notre vie.<\/p>\n<p><strong>Nous croyons que la Bible est faite pour \u00eatre mise en application.<\/strong> Et m\u00eame plus, elle devient vraiment incroyable lorsqu\u2019elle est crue et mise en pratique parce qu\u2019elle est la Parole de Dieu\u2026 Nous parlons si souvent sur la Bible et nous en savons beaucoup (pour certains d\u2019entre nous pour ne rien exag\u00e9rer) mais avons-nous compris \u00e0 quoi cela nous sert\u00a0? Est-ce seulement pour y plonger nos regards ou est-ce pour mettre en pratique\u00a0? Jacques, le fr\u00e8re de J\u00e9sus invitait ses auditeurs \u00e0 mettre en pratique.<\/p>\n<p><!--more--><\/p>\n<h2>L\u2019application\u00a0: on en connait le besoin<\/h2>\n<h3>A nos actes manqu\u00e9s<\/h3>\n<p>N\u2019avez-vous jamais pris ce genre de <strong>r\u00e9solution<\/strong>, un beau matin de janvier, celle de perdre du poids. <em>\u00c7a y est j\u2019ai fini mang\u00e9 tous mes chocolats, d\u00e9sormais je vais me pr\u00e9parer pour l\u2019\u00e9t\u00e9 prochain, je vais me mettre au sport. <\/em><\/p>\n<p>Vous avez achet\u00e9 votre magnifique \u00e9quipement, bien voyant de pr\u00e9f\u00e9rence votre abonnement \u00e0 la salle de gym du quartier et \u00e7a y est vous \u00eates pr\u00eat. Ou peut-\u00eatre \u00eates-vous timide et pr\u00e9f\u00e9rez-vous faire votre sport chez vous, alors vous vous \u00eates rabattu sur un v\u00e9lo d\u2019appartement\u00a0: <em>Maintenant \u00e7a y est, \u00e7a va le faire dans deux mois \u00e0 nouveau j\u2019aurais le ventre plat<\/em><\/p>\n<p>Deux mois plus tard, votre ventre est le m\u00eame, le v\u00e9lo est rang\u00e9 dans un coin d\u2019une chambre, l\u2019abonnement \u00e0 la salle de gym a expir\u00e9, <strong>le temps est pass\u00e9<\/strong>, c\u2019est \u00e0 nouveau l\u2019automne, et la d\u00e9prime de la reprise du travail. C\u2019est \u00e9tonnant n\u2019est-ce pas cette mani\u00e8re de proc\u00e9der\u00a0? Parce que l\u2019ann\u00e9e prochaine, c\u2019est s\u00fbr on recommencera. Mais que s\u2019est-il pass\u00e9\u00a0?<\/p>\n<p>D\u2019autres ne se sentiront pas concern\u00e9s parce que le sport, il y a longtemps que ce n\u2019est plus pour eux. Pourtant cela a du vous arriver aussi\u2026 Vous avez d\u00e9cid\u00e9 de repeindre le mur de la salle de bain vous achetez votre pot de peinture dans un magasin de bricolage et puis vous le laissez dans le garage. Quand enfin vous vous d\u00e9cidez, le pot est sec. Ou peut-\u00eatre avez-vous d\u00e9cid\u00e9 que cette ann\u00e9e vous alliez enfin planter quelques pieds de tomate mais le jour o\u00f9 vous vous d\u00e9cidez enfin, vous vous apercevez que les pieds ont s\u00e9ch\u00e9 dans le garage.<\/p>\n<p>Ainsi va la vie, nous accumulons des \u00e9quipements, nous \u00e9tudions, nous achetons des livres et nous pensons qu\u2019\u00e0 leur lecture, tout changera, nous allons \u00e0 des s\u00e9minaires croyant que la simple participation va changer notre vie. Nous prenons de bonnes r\u00e9solutions et, sur le coup de l\u2019\u00e9motion nous d\u00e9cidons de tout changer mais voil\u00e0, nous ne le faisons pas. Et ainsi va la vie avec ses actes manqu\u00e9s. Le probl\u00e8me ne vient pas de savoir quel est notre besoin, en g\u00e9n\u00e9ral nous en sommes conscients. Nous regardons souvent dans les miroirs pour regarder qui nous sommes. Mais <strong>c\u2019est en mettant en pratique que notre vie commencera \u00e0 changer<\/strong>.<\/p>\n<h3>Je sais mais je ne fais pas<\/h3>\n<p>Je sais qu\u2019il me faut <u>prier<\/u> avec mes fr\u00e8res. J\u2019ai le souvenir de l\u2019avoir v\u00e9cu un jour et que cela m\u2019a fait \u00e9norm\u00e9ment de bien mais je continue \u00e0 ne pas le faire. Etonnant non\u00a0? Nous savons que nous devons <u>pardonner<\/u>, quand nous avons un probl\u00e8me avec telle personne de l\u2019\u00e9glise ou de notre famille, mais nous ne le faisons pas. Je sais que cultiver de mauvais sentiments dans mon c\u0153ur me fait mal et me fait dire du mal des autres mais je continue \u00e0 ne rien faire. Pourtant la Bible me dit que le Seigneur ne me pardonnera pas non plus si je ne pardonne mais visiblement j\u2019ai encore le temps (Mt.6.15\u00a0; Mt.18.35)\u2026 Je connais la <u>mission<\/u> que m\u2019a donn\u00e9e J\u00e9sus\u00a0: aller et faire des disciples (Mt.28.19-20) mais j\u2019en ai fait une affaire de sp\u00e9cialistes et moi je n\u2019ai pas le don et le temps. Je me prive ainsi d\u2019un bienfait parce que j\u2019ai \u00e9t\u00e9 sauv\u00e9 pour accomplir les \u0153uvres que le Seigneur a pr\u00e9par\u00e9es d\u2019avance (Eph.2.10\u00a0; Rm.6.11-13)\u2026<\/p>\n<p>Je sais qu\u2019en tant que chr\u00e9tien j\u2019ai le devoir <u>d\u2019aider les pauvres<\/u> (Jc.1.27) et parfois j\u2019ai envie de le faire. L\u2019avoir fait un jour m\u2019a fait \u00e9norm\u00e9ment de bien. Mais d\u00e8s qu\u2019il s\u2019en pr\u00e9sente un devant chez moi, d\u00e8s qu\u2019il commence \u00e0 prendre trop de place cela m\u2019agace\u2026 Etonnant comme parfois nous pouvons \u00eatre travers\u00e9s par des sentiments contradictoires.<\/p>\n<p>Chers amis, bien souvent, <strong>nous connaissons nos besoins et le moyen d\u2019y r\u00e9pondre mais nous ne le mettons pas en pratique<\/strong>. Nous sommes souvent semblables \u00e0 cet homme qui \u00a0(Jacques 1.23)\u00a0 \u2026<em>se contente d\u2019\u00e9couter la Parole sans y conformer ses actes.<\/em><\/p>\n<p>Lui aussi\u00a0 scrute la Loi parfaite qui donne la libert\u00e9 mais il pr\u00e9f\u00e8re s\u2019en d\u00e9tourner. Il voit son besoin mais ne veut pas de la solution que lui donne la Parole. Ainsi, il pr\u00e9f\u00e8re oublier ce qu\u2019Il est et son besoin d\u2019\u00eatre chang\u00e9. Tout est dans la mise en pratique. <strong>Ne pas mettre en application, c\u2019est nier ses propres besoins.<\/strong> Quand on a des m\u00e9dicaments, on s\u2019en sert ou alors on n\u00e9glige sa sant\u00e9 n\u2019est-ce pas\u00a0? Nier ses propres besoins c\u2019est une forme de haine de soi. Mettre en pratique, c\u2019est rem\u00e9dier \u00e0 ses besoins. Mais si nous d\u00e9cidions de changer de strat\u00e9gie. Et si nous d\u00e9cidions de mettre en pratique la Parole\u00a0? Nous ne sommes pas des marionnettes n\u2019est-ce pas\u00a0? Nous n\u2019avons pas besoin d\u2019attendre que Dieu nous \u00ab\u00a0<em>mette \u00e0 c\u0153ur<\/em>\u00a0\u00bb. La mise en pratique, c\u2019est aussi une question de volont\u00e9.<\/p>\n<h2>L\u2019application\u00a0: une question de volont\u00e9 ou de foi\u00a0?<\/h2>\n<p>Il y a des gens qui se disent croyants mais non pratiquants. C\u2019est un peu comme arr\u00eater la cigarette, je suis ancien fumeur non abstinent\u2026. Ceux qui ont \u00e9t\u00e9 fumeurs ou le sont encore savent de quoi je veux parler. On dit\u00a0: le plus important, c\u2019est la volont\u00e9, il faut le d\u00e9cider. \u00c7a fonctionne bien\u2026 le premier jour\u2026 mais le deuxi\u00e8me\u00a0? Et puis pendant des ann\u00e9es plus tard lorsque vient l\u2019envie \u00e0 l\u2019heure du caf\u00e9\u00a0? Se lancer dans la mise en pratique c\u2019est un peu comme combattre une addiction ou une maladie, il faut avoir confiance que le m\u00e9dicament peut r\u00e9ellement nous gu\u00e9rir. C\u2019est choisir de sortir d\u2019un esclavage mais pas tout seul. En scrutant la <strong>Loi parfaite qui donne la libert\u00e9<\/strong>. Le2<sup>\u00e8me<\/sup>\u00a0homme de notre texte y demeure fid\u00e8lement attach\u00e9, c&rsquo;est-\u00e0-dire <strong>loyal, pers\u00e9v\u00e9rant<\/strong>, je dirais m\u00eame obstin\u00e9, absolument convaincu que cette Parole a le pouvoir de le sauver. v25\u00a0<em>: il lui demeure fid\u00e8lement attach\u00e9 et, au lieu de l\u2019oublier apr\u00e8s l\u2019avoir entendue, il y conforme ses actes. Il la met en pratique<\/em>. Avoir la volont\u00e9 c\u2019est bien mais le chr\u00e9tien parvenu \u00e0 l\u2019\u00e9tat d\u2019adulte n\u2019a plus de doute sur le rem\u00e8de. <strong>C\u2019est la Parole de Dieu qui lib\u00e8re.<\/strong> Nous parlons donc de foi c&rsquo;est-\u00e0-dire de confiance que la Bible est bien parfaite (donc sans erreur dans ce qu\u2019elle exige de mon comportement) et qu\u2019\u00e0 ce titre, je peux avoir confiance en elle (qu\u2019elle ait \u00e9t\u00e9 \u00e9crite par Pierre, Paul ou Jacques). <a href=\"https:\/\/agen.umc-europe.org\/eglise\/matthieu-5v17-20-la-bible-est-elle-sans-erreurs\/\">Comment faire confiance en un bouquin qui serait truff\u00e9 d\u2019erreurs<\/a>\u00a0? Certains diront que ce n\u2019est pas si simple car dans la Bible il y a des passages difficiles. Mais comme disait un savant\u00a0: <em>Dans la Bible ce ne sont pas les passages que je ne comprends pas qui me posent probl\u00e8me mais bel et bien ceux que je comprends.<\/em><\/p>\n<p>Si je me d\u00e9tourne ce cette Parole d\u00e8s qu\u2019elle me d\u00e9range ou d\u00e9range mon confort, alors je (v23)\u00a0 \u2026<em>ressemble \u00e0 un homme qui, en s\u2019observant dans un miroir, d\u00e9couvre son vrai visage : (v24) apr\u00e8s s\u2019\u00eatre ainsi observ\u00e9, il s\u2019en va et oublie ce qu\u2019il est.<\/em> Mais ce n\u2019est pas ainsi que fonctionne un <strong>chr\u00e9tien mature<\/strong>. Il scrute la Loi, y trouve son plaisir et la met en \u0153uvre. Au contraire, il est persuad\u00e9 que\u00a0(Psaume 139.105) <em>(La) parole (de Dieu) est une lampe \u00e0 mes pieds Et une lumi\u00e8re sur mon sentier.<\/em><\/p>\n<p>Tout est dans l\u2019application c\u2019est une question de foi dans la Parole de v\u00e9rit\u00e9.<\/p>\n<h2>L\u2019application\u00a0: c\u2019est ce qu\u2019il y a de mieux pour nous<\/h2>\n<p>C\u2019est quand nous commen\u00e7ons \u00e0 mettre en application que les <strong>choses commencent \u00e0 changer<\/strong>. Si Dieu nous le demande, c\u2019est parce que nous sommes ses enfants et il a toute l\u00e9gitimit\u00e9 pour nous demander de revenir \u00e0 la mise en pratique de Sa Parole. C\u2019est pour notre bien et c\u2019est mon troisi\u00e8me point\u00a0: La mise en pratique, c\u2019est ce qu\u2019il y a de meilleur pour nous.<\/p>\n<p>Les enfants ont besoin qu\u2019on leur dise fais ceci fais cela, mais les adultes, par exp\u00e9rience ont bien compris que les r\u00e8gles ne sont pas l\u00e0 pour priver de libert\u00e9. Le chr\u00e9tien mature a \u00e9prouv\u00e9 la v\u00e9rit\u00e9 suivante dans sa vie\u00a0: la mise en pratique de la Parole donne la libert\u00e9.<\/p>\n<h3>L\u2019application lib\u00e8re<\/h3>\n<p>Et la Loi de Dieu donne la libert\u00e9 pour deux raisons\u00a0:<\/p>\n<ul>\n<li><strong>Parce qu\u2019elle donne un cadre pour vivre ensemble<\/strong><\/li>\n<\/ul>\n<p>Tout d\u2019abord parce qu\u2019elle donne un cadre, un espace pour l\u2019exercice de cette libert\u00e9. Chacun conna\u00eet le dicton\u00a0: <em>La libert\u00e9 des uns commence l\u00e0 o\u00f9 se termine celle des autres<\/em>. Il n\u2019y a pas de libert\u00e9 sans r\u00e8gles et il faut que ces r\u00e8gles soient les m\u00eames pour tous. Si vous ne donnez pas de r\u00e8gles de vie en communaut\u00e9, la mort est dans la soupe, le ver est dans le fruit. Ceux qui \u00e9l\u00e8vent des enfants ne me contrediront pas. Sans r\u00e8gles c\u2019est vite le chaos et pour les enfants de Dieu, il en est de m\u00eame.<\/p>\n<ul>\n<li><strong>Parce qu\u2019elle pr\u00e9vient nos mauvaises d\u00e9cisions<\/strong><\/li>\n<\/ul>\n<p>Mais cette Parole donne aussi la libert\u00e9 pour une deuxi\u00e8me raison. Dieu nous y donne des conseils pour faire de bons choix pour que notre sentier soit \u00e9clair\u00e9 et que les lendemains ne d\u00e9chantent pas. Qui conna\u00eet tous ses faux pas et les cons\u00e9quences de ses d\u00e9cisions\u00a0? Dans le labyrinthe de nos choix, qui auront des cons\u00e9quences pour toute notre vie, ceux dont la route est \u00e9clair\u00e9e par la <a href=\"https:\/\/agen.umc-europe.org\/eglise\/mieux-comprendre-bible\/\">Parole de Dieu<\/a> feront les bons. Ils n\u2019auront pas \u00e0 vivre dans la prison des cons\u00e9quences de leurs d\u00e9cisions. <strong>L\u2019application, c\u2019est croire que la Bible est de bon conseil<\/strong>\u00a0: <em>Heureux l\u2019homme qui ne marche pas selon le conseil des m\u00e9chants, Qui ne s\u2019arr\u00eate pas sur la voie des p\u00e9cheurs, Et qui ne s\u2019assied pas en compagnie des moqueurs, 2\u00a0 Mais qui trouve son plaisir dans la loi de l\u2019Eternel, Et qui la m\u00e9dite jour et nuit\u00a0! 3\u00a0 Il est comme un arbre plant\u00e9 pr\u00e8s d\u2019un courant d\u2019eau, Qui donne son fruit en sa saison, Et dont le feuillage ne se fl\u00e9trit point\u00a0: Tout ce qu\u2019il fait lui r\u00e9ussit<\/em> (Psaume 1.1 ).<\/p>\n<p>Si je choisis d\u2019y prendre plaisir et de mettre en pratique, alors je serais heureux dans tout ce que je fais. <a href=\"https:\/\/agen.umc-europe.org\/eglise\/la-perfection-etre-parfait-est-ce-realisable\/\">La maturit\u00e9 spirituelle<\/a>, c\u2019est accepter d\u2019\u00eatre heureux selon les crit\u00e8res de Dieu.<\/p>\n<h3>L\u2019application rend heureux<\/h3>\n<p>Et c\u2019est la conclusion de notre passage. v25\u00a0: <em>Voici, au contraire, un homme qui scrute la loi parfaite qui donne la libert\u00e9, il lui demeure fid\u00e8lement attach\u00e9 et, au lieu de l\u2019oublier apr\u00e8s l\u2019avoir entendue, il y conforme ses actes\u00a0: cet homme sera heureux dans tout ce qu\u2019il fait.<\/em><\/p>\n<p>On voit beaucoup de gens dans les \u00e9glises qui ne sont <strong>pas heureux<\/strong>. Il y a des circonstances de vies qui peuvent parfois \u00eatre difficiles pour lesquelles il est normal d\u2019\u00eatre triste. Mais je parle de personnes compulsivement, <strong>maladivement tristes<\/strong> (dont je faisais partie), aigries qui semblent \u00eatre en proie \u00e0 toutes sortes de difficult\u00e9s tout le temps et sans jamais s\u2019en sortir. Le moindre probl\u00e8me devient tout de suite une montagne. Des personnes qui ne donnent pas envie de devenir chr\u00e9tien. Je ne veux pas pr\u00e9tendre avoir des explications \u00e0 tout mais je pose une question. <strong>Est-ce que cela ne viendrait pas du manque de mise en pratique de la Parole de Dieu dans leur vie.<\/strong><\/p>\n<p><strong>Le jeune homme riche<\/strong><\/p>\n<p>Il y avait un homme dans la Bible tiraill\u00e9 par une question\u00a0: <em>que dois-je faire pour h\u00e9riter du royaume de Dieu<\/em>. Ce jeune homme alla voir J\u00e9sus qui lui r\u00e9pondit\u00a0:\u00a0V<em>ends tout ce que tu poss\u00e8des, distribue le produit de la vente aux pauvres, et tu auras un tr\u00e9sor au ciel. Puis viens et <a href=\"http:\/\/www.un-ministere-emergent.net\/suis-moi-chapitre-1\/\" target=\"_blank\" rel=\"noopener\">suis-moi<\/a>\u00a0!<\/em>\u00a0(Mt 19). Le jeune homme s\u2019en alla tout triste car il \u00e9tait fort riche. Il n\u2019a pas su mettre en application la Parole \u00e0 cause de ses richesses. Ainsi nous allons, riches de temps \u00e0 donner, riches de dons, riches de bien des tr\u00e9sors que nous gardons pour nous m\u00eame alors que Dieu veut nous donner l\u2019occasion de le servir en mettant en application Sa Parole.<\/p>\n<p>Certains diront qu\u2019ils n\u2019ont pas d\u2019argent, d\u2019autres pas de temps, d\u2019autres pas de dons. Si nous ne savons pas mettre en pratique la Parole de Dieu dans ces domaines avec le peu que nous avons aujourd\u2019hui, nous ne saurons pas non plus le faire plus tard. <strong>C\u2019est en mettant en pratique aujourd\u2019hui avec le peu que le Seigneur nous donne en choisissant de donner la meilleure part que nous serons heureux dans tout ce que nous faisons.<\/strong><\/p>\n<p>100% des chr\u00e9tiens qui ont vu leur vie chang\u00e9e ont commenc\u00e9 par mettre en pratique. Tout, m\u00eame ce qu\u2019il y a de mieux pour nous est dans l\u2019application.<\/p>\n<h2>Conclusion<\/h2>\n<p>Finalement s\u2019il y a une application \u00e0 t\u00e9l\u00e9charger c\u2019est reconna\u00eetre son besoin d\u2019\u00eatre chang\u00e9 en scrutant la Parole et y rem\u00e9dier en acceptant que cette Parole est digne de foi, pertinente pour aujourd\u2019hui et qu\u2019elle peut nous donner la libert\u00e9. Enfin qu\u2019elle nous donne tout pour que nous soyons heureux dans tout ce que nous faisons. <strong>La maturit\u00e9 consiste \u00e0 regarder le miroir et accueillir la v\u00e9rit\u00e9 et la joie.<\/strong> L\u2019amour de la v\u00e9rit\u00e9 sauve.<\/p>\n<p>David Loch\u00e9<\/p>\n","protected":false},"excerpt":{"rendered":"<p>Les jeunes, vous avez tous (presque) des smartphones ou r\u00eavez d\u2019en avoir un. Sur ces machines, on t\u00e9l\u00e9charge des tas d\u2019applications, elles sont gratuites ou pas mais beaucoup ne servent pas \u00e0 grand-chose ou prennent beaucoup trop de place. Mais il y a aussi des applications utiles. Certaines nous permettent&#8230;<\/p>\n","protected":false},"author":2,"featured_media":0,"comment_status":"open","ping_status":"open","sticky":false,"template":"","format":"standard","meta":{"_monsterinsights_skip_tracking":false,"_monsterinsights_sitenote_active":false,"_monsterinsights_sitenote_note":"","_monsterinsights_sitenote_category":0,"footnotes":""},"categories":[40],"tags":[94,120,180,162,192,138],"yoast_head":"<!-- This site is optimized with the Yoast SEO plugin v21.9.1 - https:\/\/yoast.com\/wordpress\/plugins\/seo\/ -->\n<title>Jacques 1v21-25 : Tout est dans l\u2019application<\/title>\n<meta name=\"description\" content=\"La Bible doit \u00eatre mise en application. Jacques invite ces lecteurs \u00e0 le faire. Ne pas le faire c\u2019est nier ses propres besoins et rester maladivement triste\" \/>\n<meta name=\"robots\" content=\"index, follow, max-snippet:-1, max-image-preview:large, max-video-preview:-1\" \/>\n<link rel=\"canonical\" href=\"https:\/\/agen.umc-europe.org\/eglise\/jacques-1v21-25-tout-est-dans-lapplication\/\" \/>\n<meta property=\"og:locale\" content=\"fr_FR\" \/>\n<meta property=\"og:type\" content=\"article\" \/>\n<meta property=\"og:title\" content=\"Jacques 1v21-25 : Tout est dans l\u2019application\" \/>\n<meta property=\"og:description\" content=\"La Bible doit \u00eatre mise en application. Jacques invite ces lecteurs \u00e0 le faire. Ne pas le faire c\u2019est nier ses propres besoins et rester maladivement triste\" \/>\n<meta property=\"og:url\" content=\"https:\/\/agen.umc-europe.org\/eglise\/jacques-1v21-25-tout-est-dans-lapplication\/\" \/>\n<meta property=\"og:site_name\" content=\"\u00c9glise Protestante \u00c9vang\u00e9lique M\u00e9thodiste Agen\" \/>\n<meta property=\"article:publisher\" content=\"https:\/\/www.facebook.com\/EgliseAgen\/\" \/>\n<meta property=\"article:published_time\" content=\"2015-05-10T15:25:24+00:00\" \/>\n<meta property=\"article:modified_time\" content=\"2018-01-27T20:40:06+00:00\" \/>\n<meta name=\"author\" content=\"eglise.agen\" \/>\n<meta name=\"twitter:card\" content=\"summary_large_image\" \/>\n<meta name=\"twitter:creator\" content=\"@EgliseAgen\" \/>\n<meta name=\"twitter:site\" content=\"@EgliseAgen\" \/>\n<meta name=\"twitter:label1\" content=\"\u00c9crit par\" \/>\n\t<meta name=\"twitter:data1\" content=\"eglise.agen\" \/>\n\t<meta name=\"twitter:label2\" content=\"Dur\u00e9e de lecture estim\u00e9e\" \/>\n\t<meta name=\"twitter:data2\" content=\"13 minutes\" \/>\n<script type=\"application\/ld+json\" class=\"yoast-schema-graph\">{\"@context\":\"https:\/\/schema.org\",\"@graph\":[{\"@type\":\"WebPage\",\"@id\":\"https:\/\/agen.umc-europe.org\/eglise\/jacques-1v21-25-tout-est-dans-lapplication\/\",\"url\":\"https:\/\/agen.umc-europe.org\/eglise\/jacques-1v21-25-tout-est-dans-lapplication\/\",\"name\":\"Jacques 1v21-25 : Tout est dans l\u2019application\",\"isPartOf\":{\"@id\":\"https:\/\/agen.umc-europe.org\/eglise\/#website\"},\"datePublished\":\"2015-05-10T15:25:24+00:00\",\"dateModified\":\"2018-01-27T20:40:06+00:00\",\"author\":{\"@id\":\"https:\/\/agen.umc-europe.org\/eglise\/#\/schema\/person\/e4e75e8bdea6a53fc59d926ccb55abe7\"},\"description\":\"La Bible doit \u00eatre mise en application. Jacques invite ces lecteurs \u00e0 le faire. Ne pas le faire c\u2019est nier ses propres besoins et rester maladivement triste\",\"breadcrumb\":{\"@id\":\"https:\/\/agen.umc-europe.org\/eglise\/jacques-1v21-25-tout-est-dans-lapplication\/#breadcrumb\"},\"inLanguage\":\"fr-FR\",\"potentialAction\":[{\"@type\":\"ReadAction\",\"target\":[\"https:\/\/agen.umc-europe.org\/eglise\/jacques-1v21-25-tout-est-dans-lapplication\/\"]}]},{\"@type\":\"BreadcrumbList\",\"@id\":\"https:\/\/agen.umc-europe.org\/eglise\/jacques-1v21-25-tout-est-dans-lapplication\/#breadcrumb\",\"itemListElement\":[{\"@type\":\"ListItem\",\"position\":1,\"name\":\"Accueil\",\"item\":\"https:\/\/agen.umc-europe.org\/eglise\/\"},{\"@type\":\"ListItem\",\"position\":2,\"name\":\"Jacques 1v21-25 : Tout est dans l\u2019application\"}]},{\"@type\":\"WebSite\",\"@id\":\"https:\/\/agen.umc-europe.org\/eglise\/#website\",\"url\":\"https:\/\/agen.umc-europe.org\/eglise\/\",\"name\":\"\u00c9glise Protestante \u00c9vang\u00e9lique M\u00e9thodiste Agen\",\"description\":\"Des chr\u00e9tiens \u00e9vang\u00e9liques au coeur du Lot et Garonne. &quot;Viens et vois!&quot; ( Jean 1:47 )\",\"potentialAction\":[{\"@type\":\"SearchAction\",\"target\":{\"@type\":\"EntryPoint\",\"urlTemplate\":\"https:\/\/agen.umc-europe.org\/eglise\/?s={search_term_string}\"},\"query-input\":\"required name=search_term_string\"}],\"inLanguage\":\"fr-FR\"},{\"@type\":\"Person\",\"@id\":\"https:\/\/agen.umc-europe.org\/eglise\/#\/schema\/person\/e4e75e8bdea6a53fc59d926ccb55abe7\",\"name\":\"eglise.agen\",\"description\":\"Administateur du site de l'\u00e9glise d'Agen\",\"sameAs\":[\"https:\/\/agen.umc-europe.org\/eglise\/\"],\"url\":\"https:\/\/agen.umc-europe.org\/eglise\/author\/eem_agen\/\"}]}<\/script>\n<!-- \/ Yoast SEO plugin. -->","yoast_head_json":{"title":"Jacques 1v21-25 : Tout est dans l\u2019application","description":"La Bible doit \u00eatre mise en application. Jacques invite ces lecteurs \u00e0 le faire. Ne pas le faire c\u2019est nier ses propres besoins et rester maladivement triste","robots":{"index":"index","follow":"follow","max-snippet":"max-snippet:-1","max-image-preview":"max-image-preview:large","max-video-preview":"max-video-preview:-1"},"canonical":"https:\/\/agen.umc-europe.org\/eglise\/jacques-1v21-25-tout-est-dans-lapplication\/","og_locale":"fr_FR","og_type":"article","og_title":"Jacques 1v21-25 : Tout est dans l\u2019application","og_description":"La Bible doit \u00eatre mise en application. Jacques invite ces lecteurs \u00e0 le faire. Ne pas le faire c\u2019est nier ses propres besoins et rester maladivement triste","og_url":"https:\/\/agen.umc-europe.org\/eglise\/jacques-1v21-25-tout-est-dans-lapplication\/","og_site_name":"\u00c9glise Protestante \u00c9vang\u00e9lique M\u00e9thodiste Agen","article_publisher":"https:\/\/www.facebook.com\/EgliseAgen\/","article_published_time":"2015-05-10T15:25:24+00:00","article_modified_time":"2018-01-27T20:40:06+00:00","author":"eglise.agen","twitter_card":"summary_large_image","twitter_creator":"@EgliseAgen","twitter_site":"@EgliseAgen","twitter_misc":{"\u00c9crit par":"eglise.agen","Dur\u00e9e de lecture estim\u00e9e":"13 minutes"},"schema":{"@context":"https:\/\/schema.org","@graph":[{"@type":"WebPage","@id":"https:\/\/agen.umc-europe.org\/eglise\/jacques-1v21-25-tout-est-dans-lapplication\/","url":"https:\/\/agen.umc-europe.org\/eglise\/jacques-1v21-25-tout-est-dans-lapplication\/","name":"Jacques 1v21-25 : Tout est dans l\u2019application","isPartOf":{"@id":"https:\/\/agen.umc-europe.org\/eglise\/#website"},"datePublished":"2015-05-10T15:25:24+00:00","dateModified":"2018-01-27T20:40:06+00:00","author":{"@id":"https:\/\/agen.umc-europe.org\/eglise\/#\/schema\/person\/e4e75e8bdea6a53fc59d926ccb55abe7"},"description":"La Bible doit \u00eatre mise en application. Jacques invite ces lecteurs \u00e0 le faire. Ne pas le faire c\u2019est nier ses propres besoins et rester maladivement triste","breadcrumb":{"@id":"https:\/\/agen.umc-europe.org\/eglise\/jacques-1v21-25-tout-est-dans-lapplication\/#breadcrumb"},"inLanguage":"fr-FR","potentialAction":[{"@type":"ReadAction","target":["https:\/\/agen.umc-europe.org\/eglise\/jacques-1v21-25-tout-est-dans-lapplication\/"]}]},{"@type":"BreadcrumbList","@id":"https:\/\/agen.umc-europe.org\/eglise\/jacques-1v21-25-tout-est-dans-lapplication\/#breadcrumb","itemListElement":[{"@type":"ListItem","position":1,"name":"Accueil","item":"https:\/\/agen.umc-europe.org\/eglise\/"},{"@type":"ListItem","position":2,"name":"Jacques 1v21-25 : Tout est dans l\u2019application"}]},{"@type":"WebSite","@id":"https:\/\/agen.umc-europe.org\/eglise\/#website","url":"https:\/\/agen.umc-europe.org\/eglise\/","name":"\u00c9glise Protestante \u00c9vang\u00e9lique M\u00e9thodiste Agen","description":"Des chr\u00e9tiens \u00e9vang\u00e9liques au coeur du Lot et Garonne. &quot;Viens et vois!&quot; ( Jean 1:47 )","potentialAction":[{"@type":"SearchAction","target":{"@type":"EntryPoint","urlTemplate":"https:\/\/agen.umc-europe.org\/eglise\/?s={search_term_string}"},"query-input":"required name=search_term_string"}],"inLanguage":"fr-FR"},{"@type":"Person","@id":"https:\/\/agen.umc-europe.org\/eglise\/#\/schema\/person\/e4e75e8bdea6a53fc59d926ccb55abe7","name":"eglise.agen","description":"Administateur du site de l'\u00e9glise d'Agen","sameAs":["https:\/\/agen.umc-europe.org\/eglise\/"],"url":"https:\/\/agen.umc-europe.org\/eglise\/author\/eem_agen\/"}]}},"views":4346,"_links":{"self":[{"href":"https:\/\/agen.umc-europe.org\/eglise\/wp-json\/wp\/v2\/posts\/1652"}],"collection":[{"href":"https:\/\/agen.umc-europe.org\/eglise\/wp-json\/wp\/v2\/posts"}],"about":[{"href":"https:\/\/agen.umc-europe.org\/eglise\/wp-json\/wp\/v2\/types\/post"}],"author":[{"embeddable":true,"href":"https:\/\/agen.umc-europe.org\/eglise\/wp-json\/wp\/v2\/users\/2"}],"replies":[{"embeddable":true,"href":"https:\/\/agen.umc-europe.org\/eglise\/wp-json\/wp\/v2\/comments?post=1652"}],"version-history":[{"count":4,"href":"https:\/\/agen.umc-europe.org\/eglise\/wp-json\/wp\/v2\/posts\/1652\/revisions"}],"predecessor-version":[{"id":4924,"href":"https:\/\/agen.umc-europe.org\/eglise\/wp-json\/wp\/v2\/posts\/1652\/revisions\/4924"}],"wp:attachment":[{"href":"https:\/\/agen.umc-europe.org\/eglise\/wp-json\/wp\/v2\/media?parent=1652"}],"wp:term":[{"taxonomy":"category","embeddable":true,"href":"https:\/\/agen.umc-europe.org\/eglise\/wp-json\/wp\/v2\/categories?post=1652"},{"taxonomy":"post_tag","embeddable":true,"href":"https:\/\/agen.umc-europe.org\/eglise\/wp-json\/wp\/v2\/tags?post=1652"}],"curies":[{"name":"wp","href":"https:\/\/api.w.org\/{rel}","templated":true}]}}