{"id":1622,"date":"2015-04-12T13:10:37","date_gmt":"2015-04-12T12:10:37","guid":{"rendered":"http:\/\/agen.umc-europe.org\/eglise\/?p=1622"},"modified":"2021-10-13T14:20:27","modified_gmt":"2021-10-13T13:20:27","slug":"la-fidelite-et-la-vie-est-solide","status":"publish","type":"post","link":"https:\/\/agen.umc-europe.org\/eglise\/la-fidelite-et-la-vie-est-solide\/","title":{"rendered":"La fid\u00e9lit\u00e9\u00a0: et la vie est solide."},"content":{"rendered":"<p>Il y a des notions qui semblent de plus en plus \u00e9chapper comme le sable entre les mains\u00a0: la fid\u00e9lit\u00e9 semble plus tenir de l\u2019id\u00e9al (quoique\u2026) et moins de la r\u00e9alit\u00e9. Et d\u2019en parler peut sembler relever d\u2019un r\u00eave d\u2019anciens combattants nostalgiques.\u00a0Certainement le probl\u00e8me ne date pas d\u2019aujourd\u2019hui\u00a0: le <a href=\"https:\/\/agen.umc-europe.org\/eglise\/raisons-des-echecs-du-roi-salomon\/\">roi Salomon<\/a> d\u00e9j\u00e0 constatait\u00a0: \u00ab\u00a0Beaucoup de gens proclament leur bont\u00e9\u00a0; mais un homme fid\u00e8le, qui le trouvera\u00a0?\u00a0\u00bb (Proverbes 20).<\/p>\n<p>Mais pourtant, nous croyons fermement que <strong>la fid\u00e9lit\u00e9 est une condition pour un \u00e9panouissement vrai, profond<\/strong>\u00a0; et si, dans la Bible, Dieu en parle aussi souvent, c\u2019est bien parce qu\u2019elle est <a href=\"https:\/\/agen.umc-europe.org\/eglise\/michee-6-8-les-3-piliers-vie-chretienne-justice-misericorde-humilite\/\">une dimension essentielle de la vie chr\u00e9tienne<\/a>. Sans elle, c\u2019est le chaos, tant au niveau de la vie avec Dieu que du couple, de la famille, du travail aussi\u00a0; c&rsquo;est-\u00e0-dire dans tous les domaines.<\/p>\n<p>Dans la Bible, la notion de fid\u00e9lit\u00e9 est li\u00e9e \u00e0 la solidit\u00e9\u00a0; <strong>\u00eatre fid\u00e8le, c\u2019est \u00eatre solide<\/strong>, donc \u00eatre digne de confiance. Le mot \u00ab\u00a0amen\u00a0\u00bb vient de ce mot\u00a0: il signifie non pas que la pri\u00e8re est termin\u00e9e mais c\u2019est l\u2019affirmation que Dieu est fid\u00e8le, donc je peux compter sur lui pour l\u2019accomplissement.\u00a0Et dans le Nouveau Testament, le mot se traduit (et \u00e7a d\u00e9pend du contexte) aussi par <strong>\u00ab\u00a0foi\u00a0\u00bb<\/strong>\u00a0; les \u00ab\u00a0croyants\u00a0\u00bb sont les \u00ab\u00a0fid\u00e8les\u00a0\u00bb\u00a0; les 2 qualit\u00e9s sont li\u00e9es.<\/p>\n<p><!--more--><\/p>\n<!--[if lt IE 9]><script>document.createElement('audio');<\/script><![endif]-->\n<audio class=\"wp-audio-shortcode\" id=\"audio-1622-1\" preload=\"none\" style=\"width: 100%;\" controls=\"controls\"><source type=\"audio\/mpeg\" src=\"https:\/\/agen.umc-europe.org\/eglise\/wp-content\/uploads\/2015\/05\/20150412-J-RUBEN.mp3?_=1\" \/><a href=\"https:\/\/agen.umc-europe.org\/eglise\/wp-content\/uploads\/2015\/05\/20150412-J-RUBEN.mp3\">https:\/\/agen.umc-europe.org\/eglise\/wp-content\/uploads\/2015\/05\/20150412-J-RUBEN.mp3<\/a><\/audio>\n<h2>1) <span style=\"text-decoration: underline;\">La fid\u00e9lit\u00e9 aujourd\u2019hui\u00a0<\/span>:<\/h2>\n<p>Il ne s\u2019agit pas d\u2019\u00eatre alarmiste sans voir les encouragements qu\u2019on peut constater\u00a0; mais dans notre soci\u00e9t\u00e9, il n\u2019y a pas beaucoup d\u2019\u00e9l\u00e9ments qui poussent \u00e0 un attachement durable\u00a0: on zappe (et pas que pour les programmes TV)\u00a0; on consid\u00e8re d\u2019une mani\u00e8re g\u00e9n\u00e9rale que la v\u00e9ritable force ne consiste pas tant \u00e0 pers\u00e9v\u00e9rer qu\u2019\u00e0 s\u2019adapter aux nouvelles situations.<\/p>\n<p>Qui du ch\u00eane (arbre solide s\u2019il en est, symbole de long\u00e9vit\u00e9) ou du roseau (symbole de la souplesse) s\u2019en sortira aujourd\u2019hui\u00a0? On parle moins de la grandeur de la fid\u00e9lit\u00e9 que de la n\u00e9cessit\u00e9 du pouvoir d\u2019adaptation.<\/p>\n<h3>La foi et la fid\u00e9lit\u00e9 sont li\u00e9es selon la Bible\u00a0; et notre soci\u00e9t\u00e9 n\u2019a plus foi ni en Dieu ni en l\u2019avenir.<\/h3>\n<blockquote><p>A propos de la fid\u00e9lit\u00e9 dans le couple, Jacques Ellul (penseur et philosophe chr\u00e9tien) parlait de ceux qui, au nom de la libert\u00e9, refusent de se marier en prenant des engagements \u00e0 vie\u00a0: \u00ab\u00a0Je suis triste lorsque j\u2019assiste \u00e0 la r\u00e9union d\u2019un homme et d\u2019une femme qui ne veulent pas prendre d\u2019engagement r\u00e9ciproque, mais qui se bornent \u00e0 se \u2018mettre en m\u00e9nage\u2019, car cela veut dire\u00a0: \u2018\u00e7a durera tant que \u00e7a durera\u2026\u2019 Je suis triste parce qu\u2019ils sont en train de manquer d\u2019innombrables possibles\u00a0\u00bb.<\/p><\/blockquote>\n<p>On s\u2019engage facilement dans la vie de couple comme un patron qui s\u2019engage en embauchant quelqu\u2019un en CDD, et plus rarement en CDI, en raison de ses int\u00e9r\u00eats personnels. Mais ce qui est s\u00e9curisant pour le travail \u00e0 dur\u00e9e ind\u00e9termin\u00e9e ne l\u2019est plus du tout pour le couple.\u00a0Ni pour l\u2019Eglise du reste o\u00f9 devenir membre est consid\u00e9r\u00e9 comme ayant un fil \u00e0 la patte, o\u00f9 on se retire facilement parce qu\u2019on n\u2019est plus d\u2019accord avec une d\u00e9cision. Quelle notion de la fid\u00e9lit\u00e9 montre-t-on alors\u00a0?<\/p>\n<p>On peut remarquer qu\u2019avant, trop souvent, la fid\u00e9lit\u00e9 existait plus par la <strong>soumission oblig\u00e9e<\/strong>\u00a0: on acceptait une contrainte sans qu\u2019elle soit pleinement voulue et accept\u00e9e, quelques fois plus par pression sociale que par choix personnel. Et le r\u00e9sultat n\u2019\u00e9tait certainement pas une vie \u00e9panouie.<\/p>\n<p>Aujourd\u2019hui <strong>la fid\u00e9lit\u00e9 tient plus du choix moral<\/strong>. Et c\u2019est en cela que nous avons quelque chose \u00e0 vivre et \u00e0 montrer\u00a0; pourquoi\u00a0? Parce que le fait que ce soit une question de choix est tout \u00e0 fait la m\u00e9thode de Dieu qui a cr\u00e9\u00e9 l\u2019\u00eatre humain responsable (\u00ab\u00a0capable de r\u00e9pondre\u00a0\u00bb)\u00a0; et en plus, le message est tellement encourageant\u00a0: Dieu veut donner le moyen de vivre dans la fid\u00e9lit\u00e9.<\/p>\n<h2>2) <span style=\"text-decoration: underline;\">Quel est le contraire de la fid\u00e9lit\u00e9<\/span>\u00a0?<\/h2>\n<p>. Bien s\u00fbr\u2026 <strong>l\u2019infid\u00e9lit\u00e9 qui est le fait de briser l\u2019attachement qui devrait \u00eatre durable<\/strong>. Par exemple, Dieu dit \u00e0 Isra\u00ebl (Malachie 2v14)\u00a0: <em>\u00ab\u00a0Vous demandez pourquoi Dieu ne veut plus de vos offrandes. Eh bien, vous aviez promis devant le Seigneur d\u2019\u00eatre fid\u00e8le \u00e0 la femme que vous aviez \u00e9pous\u00e9e dans votre jeunesse. Vous l\u2019aviez choisie, et pourtant vous l\u2019avez abandonn\u00e9e. Prenez donc garde \u00e0 vous-m\u00eames et ne trahissez pas vos engagements. \u00bb<\/em><\/p>\n<p>. Bien s\u00fbr, on ne peut que s\u2019\u00e9lever contre tous ceux qui, dans le monde du travail, abusent de leur pouvoir pour licencier sans \u00eatre fid\u00e8les \u00e0 leur engagement, tout comme on doit insister sur la fid\u00e9lit\u00e9 de chacun face aux responsabilit\u00e9s profondes qui sont les siennes, dans un temps o\u00f9 c\u2019est la d\u00e9mission d\u00e8s qu\u2019on n\u2019est plus d\u2019accord avec les autres.<\/p>\n<p>. Bien s\u00fbr, on est touch\u00e9 de pr\u00e8s \u00e9galement en constatant les changements sur le plan doctrinal dans les Eglises\u00a0; l\u00e0 aussi, on adapte la Parole de Dieu au mode de vie de la soci\u00e9t\u00e9 ambiante. La tentation est d\u2019\u00eatre fid\u00e8le\u2026 au changement plus qu\u2019\u00e0 <a href=\"https:\/\/agen.umc-europe.org\/eglise\/ressources-bibliques\/messages-et-predications-audio\/\">l\u2019enseignement de la Parole de Dieu<\/a>.<\/p>\n<p>. Mais <strong>une autre marque de l\u2019infid\u00e9lit\u00e9 est l\u2019oubli et le sommeil<\/strong>. Les disciples \u00e0 Geths\u00e9man\u00e9 sont pr\u00e9sents pr\u00e8s de J\u00e9sus\u00a0; mais ils dorment. On peut \u00eatre r\u00e9gulier au culte\u2026 tout en ayant une foi somnolente. Quelqu\u2019un a dit que \u00ab\u00a0quand un chr\u00e9tien dort, Satan marche sur la pointe des pieds pour ne pas le r\u00e9veiller\u00a0\u00bb.<\/p>\n<p>On peut penser \u00eatre fid\u00e8le \u00e0 son conjoint sans pour autant vivre pour lui\u00a0; ou m\u00eame je peux lui \u00eatre fid\u00e8le ext\u00e9rieurement mais pas en pens\u00e9es.\u00a0Est-ce la fid\u00e9lit\u00e9 quand j\u2019agis jusqu\u2019au moment o\u00f9 mes int\u00e9r\u00eats sont en jeu\u00a0? Non, l\u2019infid\u00e9lit\u00e9 n\u2019est pas le seul contraire de la fid\u00e9lit\u00e9.<\/p>\n<h2>3) <span style=\"text-decoration: underline;\">La fid\u00e9lit\u00e9 de Dieu<\/span>\u00a0:<\/h2>\n<p>Pour mieux comprendre quelle est la dimension profonde de la fid\u00e9lit\u00e9, il nous faut regarder \u00e0 la <strong>fid\u00e9lit\u00e9 de Dieu\u00a0<\/strong>envers son peuple et envers nous :<\/p>\n<ul>\n<li>Il est appel\u00e9 \u00ab\u00a0l\u2019Amen\u00a0\u00bb (\u00ab\u00a0le solide, le rocher\u00a0\u00bb), le Fid\u00e8le\u00a0; il est la V\u00e9rit\u00e9 en qui on peut avoir pleinement confiance\u00a0: toutes ses promesses s\u2019accomplissent. Son plan s\u2019ex\u00e9cute\u00a0 comme il l\u2019a pr\u00e9vu. <strong>Il est fid\u00e8le en toutes choses<\/strong>.<\/li>\n<li>Sa <em>toute-puissance<\/em> lui permet de pouvoir \u00eatre fid\u00e8le\u00a0: \u00ab\u00a0Eternel, Dieu des arm\u00e9es c\u00e9lestes\u00a0! Qui est comme toi puissant, \u00f4 Eternel\u00a0? Ta fid\u00e9lit\u00e9 t\u2019environne\u00a0\u00bb (Psaume 89v8). <a href=\"https:\/\/agen.umc-europe.org\/eglise\/hebreux-11-12-puissance-de-dieu\/\">Dieu est tout-puissant!<\/a><\/li>\n<li>Sa fid\u00e9lit\u00e9 est aussi indissociable de son <em>amour<\/em>\u00a0: son amour n\u2019aura jamais de fin. \u00ab\u00a0L\u2019Eternel est mis\u00e9ricordieux et compatissant, il se souvient toujours de son alliance \u00bb (Psaume 111v4-5). <a href=\"https:\/\/agen.umc-europe.org\/eglise\/les-4-dimensions-amour-de-dieu-ephesiens\/\">Dieu est amour !<\/a><\/li>\n<li>Sa <em>justice<\/em> est toujours li\u00e9e \u00e0 la fid\u00e9lit\u00e9\u00a0: \u00ab\u00a0Les \u0153uvres de ses mains sont fid\u00e9lit\u00e9 et justice\u00a0; toutes ses ordonnances sont affermies pour l\u2019\u00e9ternit\u00e9, faites avec fid\u00e9lit\u00e9 et droiture\u00a0\u00bb (Psaume 111v7).<\/li>\n<\/ul>\n<p>Il est fid\u00e8le dans sa justice \u00e9galement quand il \u00ab\u00a0se repent du mal qu\u2019il avait d\u00e9cid\u00e9 de faire\u00a0\u00bb quand l\u2019\u00eatre humain s\u2019humilie\u00a0; il s\u2019y est engag\u00e9 dans sa justice.\u00a0Au lieu que ce soit un signe de changement en lui (et on ne pourrait pas compter sur lui alors), cela fait partie du contrat qu\u2019il a \u00e9tabli.<\/p>\n<p><a href=\"https:\/\/agen.umc-europe.org\/eglise\/wp-content\/uploads\/2017\/06\/crucifixion-de-jesus-croix.jpg\"><img loading=\"lazy\" decoding=\"async\" class=\"aligncenter size-full wp-image-2890\" src=\"https:\/\/agen.umc-europe.org\/eglise\/wp-content\/uploads\/2017\/06\/crucifixion-de-jesus-croix.jpg\" alt=\"La croix : Crucifixion de J\u00e9sus Christ !\" width=\"1025\" height=\"200\" srcset=\"https:\/\/agen.umc-europe.org\/eglise\/wp-content\/uploads\/2017\/06\/crucifixion-de-jesus-croix.jpg 1025w, https:\/\/agen.umc-europe.org\/eglise\/wp-content\/uploads\/2017\/06\/crucifixion-de-jesus-croix-300x59.jpg 300w, https:\/\/agen.umc-europe.org\/eglise\/wp-content\/uploads\/2017\/06\/crucifixion-de-jesus-croix-768x150.jpg 768w, https:\/\/agen.umc-europe.org\/eglise\/wp-content\/uploads\/2017\/06\/crucifixion-de-jesus-croix-1024x200.jpg 1024w\" sizes=\"(max-width: 1025px) 100vw, 1025px\" \/><\/a><\/p>\n<p>Cette fid\u00e9lit\u00e9 \u00e0 son alliance l\u2019a fait conna\u00eetre l\u2019enfer de la croix\u00a0: pour nous donner la possibilit\u00e9 de vivre r\u00e9concili\u00e9s avec Dieu, il est all\u00e9 jusqu\u2019au bout de son engagement pour nous sauver.<\/p>\n<ul>\n<li>\u00a0A la croix, <strong>Dieu a \u00e9t\u00e9 fid\u00e8le \u00e0 son amour<\/strong>\u00a0: \u00ab\u00a0Dieu a tant aim\u00e9 le monde qu\u2019il a donn\u00e9 son Fils unique afin que quiconque place sa confiance en lui ne p\u00e9risse pas mais qu\u2019il ait la vie \u00e9ternelle\u00a0\u00bb (Jean 3v16).<\/li>\n<li>\u00a0A la croix, <strong>Dieu a \u00e9t\u00e9 fid\u00e8le \u00e0 sa justice<\/strong>\u00a0: J\u00e9sus est mort et a connu la s\u00e9paration d\u2019avec son P\u00e8re parce qu\u2019il prenait notre p\u00e9ch\u00e9\u00a0: il mourait \u00e0 notre place, et la justice de Dieu alors a \u00e9t\u00e9 satisfaite.<\/li>\n<li>\u00a0A la croix, <strong>il a \u00e9t\u00e9 fid\u00e8le \u00e0 sa puissance<\/strong> en ressuscitant J\u00e9sus\u00a0; ce qu\u2019il avait annonc\u00e9 s\u2019est accompli en tout.<\/li>\n<\/ul>\n<p>La croix de J\u00e9sus-Christ, si elle met en relief nos infid\u00e9lit\u00e9s, parle plus encore de la fid\u00e9lit\u00e9 de Dieu, de son amour et de sa justice.\u00a0Mais au fait, qu\u2019est-ce que cela peut changer pour nous\u00a0? Et <strong>comment Dieu peut-il m\u2019aider \u00e0 \u00eatre fid\u00e8le<\/strong>\u00a0?<\/p>\n<h2>4) <span style=\"text-decoration: underline;\">Gr\u00e2ce \u00e0 la fid\u00e9lit\u00e9 de Dieu, notre vie n\u2019est plus la m\u00eame<\/span>\u00a0:<\/h2>\n<p>. La fid\u00e9lit\u00e9 de Dieu est profond\u00e9ment li\u00e9e \u00e0 son amour\u00a0; de notre c\u00f4t\u00e9, ne nous trompons pas d\u2019objectif\u00a0: l\u2019<a href=\"https:\/\/agen.umc-europe.org\/eglise\/levitique-19v18-tu-aimeras-ton-prochain-comme-toi-meme\/\">objectif est d\u2019aimer<\/a>, pas en priorit\u00e9 d\u2019\u00eatre fid\u00e8le. C\u2019est l\u2019amour qui doit rester premier\u00a0; il est <a href=\"https:\/\/agen.umc-europe.org\/eglise\/ephesiens-4-les-4-piliers-foi-chretienne\/\">le fondement de la foi chr\u00e9tienne<\/a>. La fid\u00e9lit\u00e9 n\u2019est pas la condition de l\u2019amour mais sa cons\u00e9quence.<\/p>\n<p>La fid\u00e9lit\u00e9, si elle n\u2019est pas mue par Dieu, sans l\u2019amour devient contrainte, autant dans notre relation avec Dieu qu\u2019avec les autres. Et sinon l\u2019air devient vite lourd et irrespirable.<\/p>\n<p>L\u2019amour et la fid\u00e9lit\u00e9 ont pour effet d\u2019entra\u00eener vers le haut\u00a0; mais la fid\u00e9lit\u00e9 sans amour se transforme en devoir et en l\u00e9galisme, dans un activisme qui conduit facilement \u00e0 <a href=\"https:\/\/agen.umc-europe.org\/eglise\/hebreux-12v15-amertume-selon-la-bible\/\">l\u2019amertume<\/a> et au <a href=\"https:\/\/agen.umc-europe.org\/eglise\/1-rois-19-10-decouragement-cause-autres\/\">d\u00e9couragement<\/a>.<\/p>\n<blockquote><p>Il faut nous souvenir constamment que\u00a0la fid\u00e9lit\u00e9 de Dieu dans son alliance nous soutient dans\u2026 notre faiblesse. Si nous l\u2019abandonnons, si nous nous \u00e9loignons de lui \u00e0 cause de nos infid\u00e9lit\u00e9s, lui ne nous renie pas, parce que son alliance est sans condition.\u00a0Cela nous aide \u00e0 aller plus loin et non \u00e0 \u00eatre \u00e9cras\u00e9s \u00e0 cause de tout ce qui reste \u00e0 parcourir et \u00e0 changer.<\/p>\n<p>Polycarpe va subir le b\u00fbcher \u00e0 cause de sa foi\u00a0; il a 95 ans. On l\u2019invite une derni\u00e8re fois \u00e0 renier sa foi, mais lui r\u00e9pond\u00a0: \u00ab\u00a0Cela fait 86 ans que je sers le Seigneur et il ne m\u2019a jamais fait d\u00e9faut\u00a0; comment pourrais-je renier mon Ma\u00eetre et mon Sauveur\u00a0?\u00a0\u00bb<\/p><\/blockquote>\n<h3>Oui, Dieu nous soutient et nous soutiendra.<\/h3>\n<p>Dieu conna\u00eet nos faiblesses\u00a0: son peuple l\u2019a souvent abandonn\u00e9, malgr\u00e9 tout ce qu\u2019il avait fait pour lui. Et il d\u00e9sire nous aider \u00e0 aimer malgr\u00e9 tout, m\u00eame ceux qui nous ont \u00e9t\u00e9 infid\u00e8les.\u00a0Et cela \u00e9galement vis-\u00e0-vis de\u2026 nous-m\u00eames, nous qui avons tant de mal \u00e0 nous pardonner nos propres infid\u00e9lit\u00e9s.<\/p>\n<p>Et pour conna\u00eetre cette vie de fid\u00e9lit\u00e9 (envers lui, envers les autres), malgr\u00e9 nos \u00e9checs et nos manquements, il nous donne les moyens de le vivre\u00a0: il en est la source mais il nous demande de faire une d\u00e9marche en nous les appropriant.<\/p>\n<ul>\n<li>Une des cons\u00e9quences de la <a href=\"https:\/\/agen.umc-europe.org\/eglise\/les-transformations-par-le-saint-esprit-jean-20v19-21-actes-2v1-8\/\">vie transform\u00e9e par le Saint Esprit<\/a> est \u00ab\u00a0la fid\u00e9lit\u00e9\u00a0\u00bb (Galates 5v22).\u00a0 \u00ab\u00a0Le fruit de l\u2019Esprit, c\u2019est [en particulier] la fid\u00e9lit\u00e9\u00a0\u00bb\u00a0: ce qui d\u00e9coule de la vie de Dieu en nous, quand nous nous laissons remplir de <a href=\"https:\/\/agen.umc-europe.org\/eglise\/faq-spiritualite\/saint-esprit\/\">l\u2019Esprit de Dieu<\/a>, c\u2019est d\u2019\u00eatre rendus capables de vivre la fid\u00e9lit\u00e9.\u00a0Il nous invite pour cela \u00e0 <strong>d\u00e9pendre \u00e9troitement de lui<\/strong>\u00a0; dans la confiance. Cela parle de notre communion avec le Seigneur ; d\u00e9pendre du Seigneur, tout est l\u00e0.<\/li>\n<\/ul>\n<blockquote><p>C\u2019est au bas d\u2019un cadran solaire qu\u2019il \u00e9tait \u00e9crit\u00a0: \u00ab\u00a0Sans le soleil, je ne suis rien. Et toi, sans Dieu, tu ne peux rien\u00a0\u00bb.<\/p><\/blockquote>\n<ul>\n<li>D\u2019autre part, \u00e0 <a href=\"https:\/\/agen.umc-europe.org\/eglise\/josue-1-9-fortifie-toi-et-prends-courage\/\">Josu\u00e9, tremblant face \u00e0 ses nouvelles responsabilit\u00e9s, Dieu lui dit\u00a0: \u00ab\u00a0Que ce livre de la loi ne s\u2019\u00e9loigne pas de toi\u00a0: m\u00e9dite-le jour et nuit pour agir <em>fid\u00e8lement<\/em> selon tout ce qui y est \u00e9crit\u00a0; c\u2019est alors que tu auras du succ\u00e8s dans ce que tu entreprendras\u00a0\u00bb (Josu\u00e9 1v7-8).<\/a>\u00a0La <a href=\"https:\/\/www.cheminsdevie.info\/\">m\u00e9ditation de la Parole de Dieu<\/a> nous permet aussi de demeurer fid\u00e8les.<\/li>\n<\/ul>\n<p>A travers la fid\u00e9lit\u00e9 \u00e0 tous les niveaux, Dieu veut nous faire conna\u00eetre, \u00e0 nous et \u00e0 nos proches, non la facilit\u00e9 ni l\u2019absence de lutte, mais un \u00e9panouissement profond.\u00a0Avec cette assurance\u00a0que le Seigneur donne \u00e0 l\u2019Eglise de Smyrne (Apocalypse 2)\u00a0: \u00ab\u00a0Sois fid\u00e8le jusqu\u2019\u00e0 la mort, et je te donnerai la couronne de vie\u00a0\u00bb.<\/p>\n<p>Quelqu\u2019un a dit\u00a0: \u00ab\u00a0La fid\u00e9lit\u00e9 est ce qui permet dans le temps de vivre un avant-go\u00fbt de l\u2019\u00e9ternit\u00e9\u00a0\u00bb. Pour nous et pour les autres.\u00a0Et puis je dois dire que la mani\u00e8re dont plusieurs parmi nous vivent la fid\u00e9lit\u00e9 m\u2019encourage beaucoup et m\u2019aide moi-m\u00eame \u00e0 l\u2019\u00eatre le mieux possible.<\/p>\n<p>Jean-Ruben<\/p>\n","protected":false},"excerpt":{"rendered":"<p>Il y a des notions qui semblent de plus en plus \u00e9chapper comme le sable entre les mains\u00a0: la fid\u00e9lit\u00e9 semble plus tenir de l\u2019id\u00e9al (quoique\u2026) et moins de la r\u00e9alit\u00e9. Et d\u2019en parler peut sembler relever d\u2019un r\u00eave d\u2019anciens combattants nostalgiques.\u00a0Certainement le probl\u00e8me ne date pas d\u2019aujourd\u2019hui\u00a0: le roi&#8230;<\/p>\n","protected":false},"author":2,"featured_media":4492,"comment_status":"open","ping_status":"open","sticky":false,"template":"","format":"standard","meta":{"_monsterinsights_skip_tracking":false,"_monsterinsights_sitenote_active":false,"_monsterinsights_sitenote_note":"","_monsterinsights_sitenote_category":0,"footnotes":""},"categories":[170],"tags":[126,68,186,78,168,176],"yoast_head":"<!-- This site is optimized with the Yoast SEO plugin v21.9.1 - https:\/\/yoast.com\/wordpress\/plugins\/seo\/ -->\n<title>Fid\u00e9lit\u00e9 de Dieu et fid\u00e9lit\u00e9 \u00e0 Dieu : une vie solide - Predication audio<\/title>\n<meta name=\"description\" content=\"Notre fid\u00e9lit\u00e9 est une condition pour un \u00e9panouissement vrai, profond : une dimension essentielle de la vie. La fid\u00e9lit\u00e9 de Dieu en est la v\u00e9ritable source.\" \/>\n<meta name=\"robots\" content=\"index, follow, max-snippet:-1, max-image-preview:large, max-video-preview:-1\" \/>\n<link rel=\"canonical\" href=\"https:\/\/agen.umc-europe.org\/eglise\/la-fidelite-et-la-vie-est-solide\/\" \/>\n<meta property=\"og:locale\" content=\"fr_FR\" \/>\n<meta property=\"og:type\" content=\"article\" \/>\n<meta property=\"og:title\" content=\"Fid\u00e9lit\u00e9 de Dieu et fid\u00e9lit\u00e9 \u00e0 Dieu : une vie solide - Predication audio\" \/>\n<meta property=\"og:description\" content=\"Notre fid\u00e9lit\u00e9 est une condition pour un \u00e9panouissement vrai, profond : une dimension essentielle de la vie. La fid\u00e9lit\u00e9 de Dieu en est la v\u00e9ritable source.\" \/>\n<meta property=\"og:url\" content=\"https:\/\/agen.umc-europe.org\/eglise\/la-fidelite-et-la-vie-est-solide\/\" \/>\n<meta property=\"og:site_name\" content=\"\u00c9glise Protestante \u00c9vang\u00e9lique M\u00e9thodiste Agen\" \/>\n<meta property=\"article:publisher\" content=\"https:\/\/www.facebook.com\/EgliseAgen\/\" \/>\n<meta property=\"article:published_time\" content=\"2015-04-12T12:10:37+00:00\" \/>\n<meta property=\"article:modified_time\" content=\"2021-10-13T13:20:27+00:00\" \/>\n<meta property=\"og:image\" content=\"https:\/\/agen.umc-europe.org\/eglise\/wp-content\/uploads\/2017\/12\/fidelite-dieu-bible-predication.jpg\" \/>\n\t<meta property=\"og:image:width\" content=\"1025\" \/>\n\t<meta property=\"og:image:height\" content=\"200\" \/>\n\t<meta property=\"og:image:type\" content=\"image\/jpeg\" \/>\n<meta name=\"author\" content=\"eglise.agen\" \/>\n<meta name=\"twitter:card\" content=\"summary_large_image\" \/>\n<meta name=\"twitter:creator\" content=\"@EgliseAgen\" \/>\n<meta name=\"twitter:site\" content=\"@EgliseAgen\" \/>\n<meta name=\"twitter:label1\" content=\"\u00c9crit par\" \/>\n\t<meta name=\"twitter:data1\" content=\"eglise.agen\" \/>\n\t<meta name=\"twitter:label2\" content=\"Dur\u00e9e de lecture estim\u00e9e\" \/>\n\t<meta name=\"twitter:data2\" content=\"9 minutes\" \/>\n<script type=\"application\/ld+json\" class=\"yoast-schema-graph\">{\"@context\":\"https:\/\/schema.org\",\"@graph\":[{\"@type\":\"WebPage\",\"@id\":\"https:\/\/agen.umc-europe.org\/eglise\/la-fidelite-et-la-vie-est-solide\/\",\"url\":\"https:\/\/agen.umc-europe.org\/eglise\/la-fidelite-et-la-vie-est-solide\/\",\"name\":\"Fid\u00e9lit\u00e9 de Dieu et fid\u00e9lit\u00e9 \u00e0 Dieu : une vie solide - Predication audio\",\"isPartOf\":{\"@id\":\"https:\/\/agen.umc-europe.org\/eglise\/#website\"},\"datePublished\":\"2015-04-12T12:10:37+00:00\",\"dateModified\":\"2021-10-13T13:20:27+00:00\",\"author\":{\"@id\":\"https:\/\/agen.umc-europe.org\/eglise\/#\/schema\/person\/e4e75e8bdea6a53fc59d926ccb55abe7\"},\"description\":\"Notre fid\u00e9lit\u00e9 est une condition pour un \u00e9panouissement vrai, profond : une dimension essentielle de la vie. La fid\u00e9lit\u00e9 de Dieu en est la v\u00e9ritable source.\",\"breadcrumb\":{\"@id\":\"https:\/\/agen.umc-europe.org\/eglise\/la-fidelite-et-la-vie-est-solide\/#breadcrumb\"},\"inLanguage\":\"fr-FR\",\"potentialAction\":[{\"@type\":\"ReadAction\",\"target\":[\"https:\/\/agen.umc-europe.org\/eglise\/la-fidelite-et-la-vie-est-solide\/\"]}]},{\"@type\":\"BreadcrumbList\",\"@id\":\"https:\/\/agen.umc-europe.org\/eglise\/la-fidelite-et-la-vie-est-solide\/#breadcrumb\",\"itemListElement\":[{\"@type\":\"ListItem\",\"position\":1,\"name\":\"Accueil\",\"item\":\"https:\/\/agen.umc-europe.org\/eglise\/\"},{\"@type\":\"ListItem\",\"position\":2,\"name\":\"La fid\u00e9lit\u00e9\u00a0: et la vie est solide.\"}]},{\"@type\":\"WebSite\",\"@id\":\"https:\/\/agen.umc-europe.org\/eglise\/#website\",\"url\":\"https:\/\/agen.umc-europe.org\/eglise\/\",\"name\":\"\u00c9glise Protestante \u00c9vang\u00e9lique M\u00e9thodiste Agen\",\"description\":\"Des chr\u00e9tiens \u00e9vang\u00e9liques au coeur du Lot et Garonne. &quot;Viens et vois!&quot; ( Jean 1:47 )\",\"potentialAction\":[{\"@type\":\"SearchAction\",\"target\":{\"@type\":\"EntryPoint\",\"urlTemplate\":\"https:\/\/agen.umc-europe.org\/eglise\/?s={search_term_string}\"},\"query-input\":\"required name=search_term_string\"}],\"inLanguage\":\"fr-FR\"},{\"@type\":\"Person\",\"@id\":\"https:\/\/agen.umc-europe.org\/eglise\/#\/schema\/person\/e4e75e8bdea6a53fc59d926ccb55abe7\",\"name\":\"eglise.agen\",\"description\":\"Administateur du site de l'\u00e9glise d'Agen\",\"sameAs\":[\"https:\/\/agen.umc-europe.org\/eglise\/\"],\"url\":\"https:\/\/agen.umc-europe.org\/eglise\/author\/eem_agen\/\"}]}<\/script>\n<!-- \/ Yoast SEO plugin. -->","yoast_head_json":{"title":"Fid\u00e9lit\u00e9 de Dieu et fid\u00e9lit\u00e9 \u00e0 Dieu : une vie solide - Predication audio","description":"Notre fid\u00e9lit\u00e9 est une condition pour un \u00e9panouissement vrai, profond : une dimension essentielle de la vie. La fid\u00e9lit\u00e9 de Dieu en est la v\u00e9ritable source.","robots":{"index":"index","follow":"follow","max-snippet":"max-snippet:-1","max-image-preview":"max-image-preview:large","max-video-preview":"max-video-preview:-1"},"canonical":"https:\/\/agen.umc-europe.org\/eglise\/la-fidelite-et-la-vie-est-solide\/","og_locale":"fr_FR","og_type":"article","og_title":"Fid\u00e9lit\u00e9 de Dieu et fid\u00e9lit\u00e9 \u00e0 Dieu : une vie solide - Predication audio","og_description":"Notre fid\u00e9lit\u00e9 est une condition pour un \u00e9panouissement vrai, profond : une dimension essentielle de la vie. La fid\u00e9lit\u00e9 de Dieu en est la v\u00e9ritable source.","og_url":"https:\/\/agen.umc-europe.org\/eglise\/la-fidelite-et-la-vie-est-solide\/","og_site_name":"\u00c9glise Protestante \u00c9vang\u00e9lique M\u00e9thodiste Agen","article_publisher":"https:\/\/www.facebook.com\/EgliseAgen\/","article_published_time":"2015-04-12T12:10:37+00:00","article_modified_time":"2021-10-13T13:20:27+00:00","og_image":[{"width":1025,"height":200,"url":"https:\/\/agen.umc-europe.org\/eglise\/wp-content\/uploads\/2017\/12\/fidelite-dieu-bible-predication.jpg","type":"image\/jpeg"}],"author":"eglise.agen","twitter_card":"summary_large_image","twitter_creator":"@EgliseAgen","twitter_site":"@EgliseAgen","twitter_misc":{"\u00c9crit par":"eglise.agen","Dur\u00e9e de lecture estim\u00e9e":"9 minutes"},"schema":{"@context":"https:\/\/schema.org","@graph":[{"@type":"WebPage","@id":"https:\/\/agen.umc-europe.org\/eglise\/la-fidelite-et-la-vie-est-solide\/","url":"https:\/\/agen.umc-europe.org\/eglise\/la-fidelite-et-la-vie-est-solide\/","name":"Fid\u00e9lit\u00e9 de Dieu et fid\u00e9lit\u00e9 \u00e0 Dieu : une vie solide - Predication audio","isPartOf":{"@id":"https:\/\/agen.umc-europe.org\/eglise\/#website"},"datePublished":"2015-04-12T12:10:37+00:00","dateModified":"2021-10-13T13:20:27+00:00","author":{"@id":"https:\/\/agen.umc-europe.org\/eglise\/#\/schema\/person\/e4e75e8bdea6a53fc59d926ccb55abe7"},"description":"Notre fid\u00e9lit\u00e9 est une condition pour un \u00e9panouissement vrai, profond : une dimension essentielle de la vie. La fid\u00e9lit\u00e9 de Dieu en est la v\u00e9ritable source.","breadcrumb":{"@id":"https:\/\/agen.umc-europe.org\/eglise\/la-fidelite-et-la-vie-est-solide\/#breadcrumb"},"inLanguage":"fr-FR","potentialAction":[{"@type":"ReadAction","target":["https:\/\/agen.umc-europe.org\/eglise\/la-fidelite-et-la-vie-est-solide\/"]}]},{"@type":"BreadcrumbList","@id":"https:\/\/agen.umc-europe.org\/eglise\/la-fidelite-et-la-vie-est-solide\/#breadcrumb","itemListElement":[{"@type":"ListItem","position":1,"name":"Accueil","item":"https:\/\/agen.umc-europe.org\/eglise\/"},{"@type":"ListItem","position":2,"name":"La fid\u00e9lit\u00e9\u00a0: et la vie est solide."}]},{"@type":"WebSite","@id":"https:\/\/agen.umc-europe.org\/eglise\/#website","url":"https:\/\/agen.umc-europe.org\/eglise\/","name":"\u00c9glise Protestante \u00c9vang\u00e9lique M\u00e9thodiste Agen","description":"Des chr\u00e9tiens \u00e9vang\u00e9liques au coeur du Lot et Garonne. &quot;Viens et vois!&quot; ( Jean 1:47 )","potentialAction":[{"@type":"SearchAction","target":{"@type":"EntryPoint","urlTemplate":"https:\/\/agen.umc-europe.org\/eglise\/?s={search_term_string}"},"query-input":"required name=search_term_string"}],"inLanguage":"fr-FR"},{"@type":"Person","@id":"https:\/\/agen.umc-europe.org\/eglise\/#\/schema\/person\/e4e75e8bdea6a53fc59d926ccb55abe7","name":"eglise.agen","description":"Administateur du site de l'\u00e9glise d'Agen","sameAs":["https:\/\/agen.umc-europe.org\/eglise\/"],"url":"https:\/\/agen.umc-europe.org\/eglise\/author\/eem_agen\/"}]}},"views":58964,"_links":{"self":[{"href":"https:\/\/agen.umc-europe.org\/eglise\/wp-json\/wp\/v2\/posts\/1622"}],"collection":[{"href":"https:\/\/agen.umc-europe.org\/eglise\/wp-json\/wp\/v2\/posts"}],"about":[{"href":"https:\/\/agen.umc-europe.org\/eglise\/wp-json\/wp\/v2\/types\/post"}],"author":[{"embeddable":true,"href":"https:\/\/agen.umc-europe.org\/eglise\/wp-json\/wp\/v2\/users\/2"}],"replies":[{"embeddable":true,"href":"https:\/\/agen.umc-europe.org\/eglise\/wp-json\/wp\/v2\/comments?post=1622"}],"version-history":[{"count":14,"href":"https:\/\/agen.umc-europe.org\/eglise\/wp-json\/wp\/v2\/posts\/1622\/revisions"}],"predecessor-version":[{"id":6418,"href":"https:\/\/agen.umc-europe.org\/eglise\/wp-json\/wp\/v2\/posts\/1622\/revisions\/6418"}],"wp:featuredmedia":[{"embeddable":true,"href":"https:\/\/agen.umc-europe.org\/eglise\/wp-json\/wp\/v2\/media\/4492"}],"wp:attachment":[{"href":"https:\/\/agen.umc-europe.org\/eglise\/wp-json\/wp\/v2\/media?parent=1622"}],"wp:term":[{"taxonomy":"category","embeddable":true,"href":"https:\/\/agen.umc-europe.org\/eglise\/wp-json\/wp\/v2\/categories?post=1622"},{"taxonomy":"post_tag","embeddable":true,"href":"https:\/\/agen.umc-europe.org\/eglise\/wp-json\/wp\/v2\/tags?post=1622"}],"curies":[{"name":"wp","href":"https:\/\/api.w.org\/{rel}","templated":true}]}}