{"id":1060,"date":"2015-01-11T13:11:48","date_gmt":"2015-01-11T12:11:48","guid":{"rendered":"http:\/\/agen.umc-europe.org\/eglise\/?p=1060"},"modified":"2021-11-11T13:47:12","modified_gmt":"2021-11-11T12:47:12","slug":"psaume-10-reponse-bible-violence","status":"publish","type":"post","link":"https:\/\/agen.umc-europe.org\/eglise\/psaume-10-reponse-bible-violence\/","title":{"rendered":"Psaume 10 : La r\u00e9ponse de la Bible \u00e0 la violence"},"content":{"rendered":"<p>La violence a \u00e9clat\u00e9 pr\u00e8s de chez nous\u00a0; sans limite. Terrifiante. La violence s\u2019est d\u00e9cha\u00een\u00e9e contre la libert\u00e9 (\u00e0 travers des dessinateurs), les forces de l\u2019ordre mais aussi contre le peuple juif. Aujourd\u2019hui encore un peu plus \u00ab\u00a0Je suis Juif\u00a0\u00bb.<br \/>\nOn en oublierait presque que cette violence est le lot \u2013 souvent avec la m\u00eame intensit\u00e9 ou pire m\u00eame \u2013 dans la plupart des pays du monde. Ce m\u00eame jour o\u00f9 les terroristes semaient la mort, Portes Ouvertes r\u00e9v\u00e9lait la <a href=\"https:\/\/www.portesouvertes.fr\/persecution-des-chretiens\/\" target=\"_blank\" rel=\"noopener noreferrer\">liste des 50 pays o\u00f9 la pers\u00e9cution contre les chr\u00e9tiens \u00e9tait la plus forte<\/a>.<\/p>\n<p>La violence est le fait d\u2019agir sur quelqu\u2019un contre sa volont\u00e9, par la force ou par l\u2019intimidation\u00a0; et cela avec le d\u00e9sir de soumettre par la force brutale et de faire souffrir. <strong>La violence peut \u00eatre physique, morale ou spirituelle<\/strong>.<\/p>\n<p>Comment aborder ce sujet\u00a0? Les r\u00e9ponses sont multiples\u00a0: on peut l\u2019aborder en essayant de la comprendre sous <a href=\"https:\/\/samuellaurent.toutpoursagloire.com\/un-psychologue-chretien-devrait-toujours-faire-des-etudes-de-theologie\/\">l\u2019angle psychologique<\/a>\u00a0; ou en baissant les bras (Einstein disait\u00a0: \u00ab\u00a0Le monde est difficile \u00e0 vivre non \u00e0 cause de ceux qui font le mal mais \u00e0 cause de ceux qui regardent et laissent faire\u00a0\u00bb)\u00a0; nous choisissons d\u2019\u00eatre \u00e0 l\u2019\u00e9coute de la Bible et du <a href=\"https:\/\/agen.umc-europe.org\/eglise\/faq-spiritualite\/les-psaumes\/\">livre des Psaumes<\/a> qui parle de la racine de la violence et apporte une r\u00e9ponse qui va au plus profond\u00a0: le c\u0153ur humain.<\/p>\n<p><!--more--><\/p>\n<!--[if lt IE 9]><script>document.createElement('audio');<\/script><![endif]-->\n<audio class=\"wp-audio-shortcode\" id=\"audio-1060-1\" preload=\"none\" style=\"width: 100%;\" controls=\"controls\"><source type=\"audio\/mpeg\" src=\"https:\/\/agen.umc-europe.org\/eglise\/wp-content\/uploads\/2015\/01\/20150111-J-Ruben.mp3?_=1\" \/><a href=\"https:\/\/agen.umc-europe.org\/eglise\/wp-content\/uploads\/2015\/01\/20150111-J-Ruben.mp3\">https:\/\/agen.umc-europe.org\/eglise\/wp-content\/uploads\/2015\/01\/20150111-J-Ruben.mp3<\/a><\/audio>\n<h2>1) L\u2019origine de la violence\u00a0:<\/h2>\n<p>L\u2019auteur de cet engrenage qui conduit \u00e0 la violence, c\u2019est le <a href=\"https:\/\/agen.umc-europe.org\/eglise\/satan-le-diable-dans-la-bible\/\"><strong>diable<\/strong><\/a>. Cela ne d\u00e9culpabilise pas l\u2019\u00eatre humain mais il a \u00e0 lutter contre beaucoup plus rus\u00e9 que lui\u00a0: <a href=\"https:\/\/agen.umc-europe.org\/eglise\/satan-le-diable-dans-la-bible\/\"><strong>Satan<\/strong><\/a>, en r\u00e9ussissant \u00e0 couper l\u2019\u00eatre humain de Dieu, a apport\u00e9 le chaos int\u00e9rieur, qui a produit le<strong> chaos g\u00e9n\u00e9ral<\/strong>.<\/p>\n<p>Une sp\u00e9cialiste des d\u00e9rives sectaires faisait ce constat \u00e0 propos des terroristes qui ont sem\u00e9 la violence\u00a0en disant qu\u2019on leur propose la toute-puissance\u00a0: ils prennent la place de Dieu en semant la mort. Satan fait miroiter, comme aux premiers \u00eatres humains\u00a0: \u00ab\u00a0Vous serez comme Dieu\u00a0\u00bb (Genese 3v5). Apr\u00e8s la rupture dans la communion entre Adam et Eve, et Dieu (Genese 3), Ca\u00efn tue son fr\u00e8re Abel (Genese 4)\u00a0; cons\u00e9quence de cette pr\u00e9tention \u00e0 \u00eatre comme Dieu et cons\u00e9quence de la rupture d\u2019avec Dieu. Puis le mal gangr\u00e8ne la soci\u00e9t\u00e9\u00a0: \u00ab\u00a0L\u2019Eternel vit que les hommes faisaient de plus en plus le mal sur la terre\u00a0: \u00e0 longueur de journ\u00e9e, leur c\u0153ur ne concevait que le mal. La terre \u00e9tait corrompue devant Dieu\u00a0; la terre \u00e9tait pleine de violence\u00a0\u00bb (Genese 6v5, 11). Ce n\u2019est pas un simple doublon\u00a0: <strong>la rupture par rapport \u00e0 Dieu entraine la rupture avec les autres<\/strong>.<\/p>\n<p>La Bible parle souvent du \u00ab\u00a0<strong>m\u00e9chant\u00a0<\/strong>\u00bb\u00a0: c\u2019est celui qui fait le mal, qui s\u00e8me la violence\u00a0; mais cette notion est automatiquement li\u00e9e \u00e0 la cassure dans la relation avec Dieu. Ce dernier point est au d\u00e9part de tous les d\u00e9r\u00e8glements.<\/p>\n<p>L\u2019ap\u00f4tre Paul, pour montrer l\u2019\u00e9tat lamentable dans lequel tous les hommes sont, reprend des affirmations de l\u2019Ancien Testament\u00a0(sous-entendu\u00a0: le mal n\u2019est pas plus r\u00e9pandu aujourd\u2019hui qu\u2019avant, vu le constat tragique)\u00a0; il y d\u00e9crit les violences dont l\u2019\u00eatre humain est capable\u00a0: il verse le sang mais il est capable de tuer aussi par la langue. L\u2019origine\u00a0? \u00ab\u00a0Pas un qui cherche Dieu. A leurs yeux, r\u00e9v\u00e9rer Dieu n\u2019a aucun sens\u00a0\u00bb (Romains 3v10-18). M\u00eame si certains actes de violence, \u00e0 l\u2019\u00e9vidence, sont \u00e0 condamner, la violence m\u00eame verbale (\u00ab\u00a0un poison mortel\u00a0\u00bb) r\u00e9v\u00e8le ce dont on est capable (et coupable).<\/p>\n<p>Et Dieu, parce qu\u2019il ne peut cohabiter avec le p\u00e9ch\u00e9 et d\u2019autre part parce qu\u2019il ne veut pas forcer l\u2019\u00eatre humain, le laisse dans sa volont\u00e9 d\u2019ind\u00e9pendance, dans son d\u00e9sir de toute-puissance et donc de violence.<\/p>\n<h2>2) Les cons\u00e9quences de cet abandon selon le psaume 10 :<\/h2>\n<p>. Le<strong> Psaume 10<\/strong> d\u00e9crit le malheur que les violents provoquent\u00a0: \u00ab\u00a0Il assassine l\u2019innocent\u00a0; il attrape le malheureux\u00a0; le faible tombe, assomm\u00e9, en son pouvoir\u00a0\u00bb\u00a0(v8-10)\u00a0: nous sommes dans un monde o\u00f9 celui qui r\u00e9pand la violence \u00e9crase le faible. Le physicien nucl\u00e9aire Serge Tarassenko, chr\u00e9tien qui habitait \u00e0 Grenoble, a perdu son fils, tu\u00e9 dans le m\u00e9tro de Londres lors d\u2019un attentat\u00a0; il y a quelques ann\u00e9es, j\u2019ai rencontr\u00e9 un pasteur dont la fille a \u00e9t\u00e9 tu\u00e9e par un assassin. Des milliers de chr\u00e9tiens subissent la pers\u00e9cution, la mort pour eux-m\u00eames ou pour leurs proches.<\/p>\n<p>Comment ne pas aspirer alors, en prenant conscience de cette r\u00e9alit\u00e9, au retour de J\u00e9sus qui fera alors conna\u00eetre une nouvelle vie dans le ciel, l\u00e0 o\u00f9 le p\u00e9ch\u00e9 et la violence n\u2019existeront plus\u00a0!<\/p>\n<p>. Pour ceux qui commettent ces violences, l\u2019auteur du Psaume 36 fait cet affligeant constat\u00a0: \u00ab\u00a0Le m\u00e9chant s\u2019obstine dans la voie qui n\u2019est pas la bonne\u00a0: il ne veut pas rejeter le mal\u00a0\u00bb\u00a0(v5) : toutes les religions ont pour centre l\u2019homme\u00a0; et la Bible dit que cette voie-l\u00e0 est une impasse\u00a0: \u00ab\u00a0Voici ce que d\u00e9clare l\u2019Eternel\u00a0: <strong>Maudit soit l\u2019homme qui compte sur des hommes<\/strong> et qui fait des moyens humains la source de sa force mais qui d\u00e9tourne son c\u0153ur de l\u2019Eternel\u00a0\u00bb (J\u00e9r\u00e9mie 17v5).<\/p>\n<p>L\u2019\u00eatre humain s\u2019obstine dans cette impasse. Et tous ceux qui se basent sur l\u2019homme participent \u00e0 ce d\u00e9ferlement de violence, parce que cette solution aggrave la maladie.<\/p>\n<p>. Asaph, dans le <strong>Psaume 73<\/strong>, parle de ceux qui r\u00e9ussissent dans leur violence et dans l\u2019oppression (v6-8)\u00a0; mais leur sort sera la perdition\u00a0: \u00ab\u00a0Soudain, pour eux, c\u2019est la catastrophe\u00a0: en un instant ils sont perdus, ils sont d\u00e9truits et l\u2019\u00e9pouvante les saisit\u00a0\u00bb (v19)\u00a0; \u00ab\u00a0qui t\u2019abandonne, Eternel, se perdra\u00a0\u00bb (v27). Ce Psaume d\u00e9montre les difficult\u00e9s de celui qui veut vivre avec Dieu dans un monde o\u00f9 c\u2019est le mal qui domine\u00a0; mais le juste sera d\u00e9livr\u00e9, tandis que le \u00ab\u00a0m\u00e9chant\u00a0\u00bb, m\u00eame s\u2019il conna\u00eet une vie de facilit\u00e9 apparente, conna\u00eetra la d\u00e9tresse.<\/p>\n<h2>3) La responsabilit\u00e9 du chr\u00e9tien vis-\u00e0-vis de la violence\u00a0:<\/h2>\n<p>La r\u00e9action qu\u2019on entend fr\u00e9quemment est d\u2019<strong>accuser Dieu<\/strong> de laisser cet \u00e9tat de violence se d\u00e9velopper. Mais Dieu nous montre que nous avons une responsabilit\u00e9 en cela. Que nous est-il demand\u00e9\u00a0?<\/p>\n<p><span style=\"text-decoration: underline;\">Avoir une r\u00e9flexion pour nous-m\u00eames en premier lieu\u00a0:<\/span><\/p>\n<p>J\u00e9sus parle du commandement de ne pas tuer (Mt 5v21\u00a0; Ex 20v13), en montrant qu\u2019il est toujours un commandement valable. Mais il l\u2019\u00e9claire de mani\u00e8re \u00e0 interpeler ses disciples\u00a0: oui, il faut juger ceux qui commettent de tels actes affreux, mais vous, vous \u00eates aussi condamnables parce que vos paroles d\u00e9j\u00e0 portent en elles la mort. \u00ab\u00a0Celui qui se met en col\u00e8re contre son fr\u00e8re sera traduit en justice\u00a0; celui qui lui dit\u00a0: \u2018Imb\u00e9cile\u2019 passera devant le tribunal et celui qui le traite de fou est bon pour l\u2019enfer\u00a0\u00bb (Mt 5v22).<\/p>\n<p>Pour apporter la solution \u00e0 la violence, il faut <strong>donner envie de vivre autrement<\/strong>\u00a0; et si le chr\u00e9tien ne montre pas un autre comportement, les autres ne se poseront pas de question, tout en demeurant dans ce qui les tue et apporte la mort. Si nous r\u00e9agissons de la m\u00eame mani\u00e8re que les autres, nous contribuerons encore un peu plus \u00e0 laisser la violence (plus ou moins manifeste) diriger notre soci\u00e9t\u00e9.<\/p>\n<p>Allons un peu plus loin\u00a0: de regarder et de me nourrir d\u2019\u00e9missions et de films o\u00f9 la violence est de mise, o\u00f9 c\u2019est elle qui r\u00e8gle les probl\u00e8mes, o\u00f9 c\u2019est la vengeance qui r\u00e8gne, o\u00f9 c\u2019est la violence verbale conjugale qui devient la norme, ce regard oriente mon comportement et en tout cas me fait cautionner un comportement destructeur. La <strong>passivit\u00e9<\/strong> devant l\u2019\u00e9cran me rend complice d\u2019un comportement que je condamne par ailleurs. <strong>Cette tol\u00e9rance est condamnable<\/strong>.<\/p>\n<p><span style=\"text-decoration: underline;\">Dieu nous demande de ha\u00efr la m\u00e9chancet\u00e9 et la violence\u00a0: <\/span><\/p>\n<p>\u00ab\u00a0Que toute m\u00e9chancet\u00e9 disparaisse du milieu de vous\u00a0\u00bb (Ep 4v31). \u00ab\u00a0<strong>Renoncez \u00e0 la m\u00e9chancet\u00e9<\/strong>\u00a0\u00bb (Col 3v8). \u00ab\u00a0<a href=\"https:\/\/agen.umc-europe.org\/eglise\/hebreux-12v15-amertume-selon-la-bible\/\">Amertume<\/a>, irritation, col\u00e8re, \u00e9clats de voix, insultes\u00a0: faites dispara\u00eetre tout cela du milieu de vous, ainsi que de toute forme de m\u00e9chancet\u00e9. Soyez bons et compr\u00e9hensifs les uns envers les autres. Pardonnez-vous r\u00e9ciproquement comme Dieu vous a pardonn\u00e9s en Christ\u00a0\u00bb (Ep 4v31-32).<\/p>\n<p>Au sujet de la vengeance, l\u00e0 encore le message de J\u00e9sus est clair\u00a0: \u00ab\u00a0<strong>Aimez vos ennemis et priez pour ceux qui vous pers\u00e9cutent<\/strong>. Ainsi vous vous comporterez vraiment comme des enfants de votre P\u00e8re c\u00e9leste\u00a0\u00bb (Mt 5v44-45)\u00a0; \u00ab\u00a0ne rendez pas le mal pour le mal, ni l\u2019injure pour l\u2019injure. R\u00e9pondez au contraire par la b\u00e9n\u00e9diction, car c\u2019est \u00e0 cela que vous avez \u00e9t\u00e9 appel\u00e9s, afin de recevoir vous-m\u00eames la b\u00e9n\u00e9diction\u00a0\u00bb (1 Pi 3v9). \u00ab\u00a0Mes amis, ne vous vengez pas vous-m\u00eames mais laissez agir la col\u00e8re de Dieu, car il est \u00e9crit\u00a0: \u2018C\u2019est \u00e0 moi qu\u2019il appartient de faire justice\u2019\u00a0\u00bb (Ro 12v19). David est un mod\u00e8le en cela en ce qu\u2019il aurait pu tuer \u00e0 plusieurs reprises celui qui lui en voulait \u00e0 mort\u00a0: chaque fois il a voulu que ce soit Dieu, et non lui-m\u00eame, qui fasse justice. Il a refus\u00e9 de prendre la place de Dieu en se vengeant.<\/p>\n<p><span style=\"text-decoration: underline;\">Vivre la paix qui vient de Dieu\u00a0:<\/span><\/p>\n<p>Dans ce monde qui nous pousse \u00e0 la peur, nous pouvons vivre malgr\u00e9 tout dans la paix que Dieu donne. J\u00e9sus avait laiss\u00e9 cette promesse \u00e0 ses disciples\u00a0: \u00ab\u00a0C\u2019est ma paix que je vous donne. C\u2019est pourquoi, ne soyez pas troubl\u00e9s et <a href=\"https:\/\/agen.umc-europe.org\/eglise\/la-peur-mais-pourquoi-donc-jesus-dit-si-souvent-ne-craignez-pas\/\">n\u2019ayez aucune crainte<\/a> en votre c\u0153ur\u00a0\u00bb (Jn 14v27). Facile \u00e0 dire\u00a0! Mais, et c\u2019est ce qui change tout, il s\u2019agit d\u2019un <strong>don que le Seigneur fait<\/strong> et non d\u2019un effort personnel.<\/p>\n<p><span style=\"text-decoration: underline;\">Apporter, quand les occasions se pr\u00e9sentent, un t\u00e9moignage de ce que nous savons \u00eatre la v\u00e9rit\u00e9\u00a0:<\/span><\/p>\n<p>Si nous ne t\u00e9moignons pas de ce que Dieu veut faire, les autres ne l\u2019inventeront pas\u00a0! En plus de parler de cette \u0153uvre, le fait de prendre position face \u00e0 certaines pratiques peut faire r\u00e9fl\u00e9chir\u00a0; dire ce que la Bible donne comme ligne de conduite permet d\u2019\u00e9clairer ceux qui agissent dans le mal. Martin Luther King disait\u00a0: \u00ab\u00a0Il ne sera pas seulement demand\u00e9 compte de la cruaut\u00e9 des m\u00e9chants mais du silence des bien-pensants\u00a0\u00bb\u00a0; ou encore\u00a0: \u00ab\u00a0Ce qui m\u2019inqui\u00e8te, ce n\u2019est pas le bruit des bottes, c\u2019est le silence des pantoufles\u00a0\u00bb.<\/p>\n<p><strong>T\u00e9moigner<\/strong>, c\u2019est aussi parler de la violence la plus atroce\u00a0: <span style=\"text-decoration: underline;\"><strong>la mort de J\u00e9sus<\/strong><\/span>. Il y a eu plus de 100.000 crucifixions mais celle de J\u00e9sus a \u00e9t\u00e9 unique dans le degr\u00e9 d\u2019intensit\u00e9, sur le plan physique mais surtout moral et spirituel. Mais c\u2019est pourtant la cons\u00e9quence de cette mort qui est au centre de la solution que Dieu apporte au probl\u00e8me de la violence\u00a0: <em>\u00ab\u00a0Autrefois, vous \u00e9tiez les ennemis de Dieu \u00e0 cause de vos pens\u00e9es qui vous amenaient \u00e0 faire des \u0153uvres mauvaises\u00a0; mais maintenant, Dieu vous a r\u00e9concili\u00e9s avec lui par le sacrifice de son Fils qui a livr\u00e9 \u00e0 la mort son corps humain. C\u2019est par Christ que Dieu a voulu r\u00e9concilier avec lui-m\u00eame l\u2019univers tout entier, en instaurant la paix par le sang que son Fils a vers\u00e9 sur la croix\u00a0\u00bb<\/em> (Colossiens 1v20). Pour ne pas \u00eatre esclave de cette violence (latente en chacun), il nous faut recevoir cette paix\u00a0; et pour cela, il nous faut<strong> faire la paix avec Dieu<\/strong>\u00a0: \u00ab\u00a0Christ est notre paix\u00a0\u00bb (Ep 2).<\/p>\n<p>C\u2019est cette \u0153uvre-l\u00e0 qui permet de voir des terroristes \u00eatre transform\u00e9s, des hommes violents changer de comportement, quand ils se sont tourn\u00e9s vers J\u00e9sus-Christ.<\/p>\n<p>Sa\u00efd Oujibou a grandi dans la violence\u00a0; rejet\u00e9, il a connu l\u2019exclusion et le racisme. Il t\u00e9moigne\u00a0: \u00ab\u00a0J\u2019ai commenc\u00e9 \u00e0 sortir mes griffes et je devenais de plus en plus violent. On s\u2019est li\u00e9 d\u2019amiti\u00e9 avec une voisine chr\u00e9tienne. Ma s\u0153ur, un an plus tard, s\u2019est convertie. Par la suite, je me suis mis \u00e0 lire la Bible. C\u2019est l\u2019Esprit Saint qui m\u2019a convaincu de mon p\u00e9ch\u00e9. J\u2019ai compris que Dieu m\u2019aimait d\u2019un amour inconditionnel\u00a0\u00bb. Sa\u00efd Oujibou a connu une vraie transformation dans sa vie\u00a0; il est maintenant pasteur et t\u00e9moigne, d\u2019une mani\u00e8re z\u00e9l\u00e9e et pacifique, de sa <strong>foi en J\u00e9sus-Christ<\/strong>.<\/p>\n<p>Face \u00e0 la violence dans le monde mais aussi en chacun, Dieu veut accomplir ce miracle\u00a0: \u00ab\u00a0Ceux qui travaillent \u00e0 la <strong>paix<\/strong> s\u00e8ment dans la paix une semence qui aura pour fruit ce qui est juste\u00a0\u00bb (Jacques 3v18).<\/p>\n<p><em>\u00ab\u00a0Seigneur, l\u00e0 o\u00f9 je suis, que je sois un instrument de ta paix.\u00bb<\/em><\/p>\n<p>Jean-Ruben<\/p>\n","protected":false},"excerpt":{"rendered":"<p>La violence a \u00e9clat\u00e9 pr\u00e8s de chez nous\u00a0; sans limite. Terrifiante. La violence s\u2019est d\u00e9cha\u00een\u00e9e contre la libert\u00e9 (\u00e0 travers des dessinateurs), les forces de l\u2019ordre mais aussi contre le peuple juif. Aujourd\u2019hui encore un peu plus \u00ab\u00a0Je suis Juif\u00a0\u00bb. On en oublierait presque que cette violence est le lot&#8230;<\/p>\n","protected":false},"author":2,"featured_media":2772,"comment_status":"open","ping_status":"open","sticky":false,"template":"","format":"standard","meta":{"_monsterinsights_skip_tracking":false,"_monsterinsights_sitenote_active":false,"_monsterinsights_sitenote_note":"","_monsterinsights_sitenote_category":0,"footnotes":""},"categories":[170],"tags":[102,94,146,142,52,86,148,144],"yoast_head":"<!-- This site is optimized with the Yoast SEO plugin v21.9.1 - https:\/\/yoast.com\/wordpress\/plugins\/seo\/ -->\n<title>Psaume 10 : La r\u00e9ponse de la Bible \u00e0 la violence<\/title>\n<meta name=\"description\" content=\"La violence peut \u00eatre physique, morale ou spirituelle. Comment la Bible aborde-t-elle ce sujet? Quelle est la responsabilit\u00e9 du chr\u00e9tien face \u00e0 la violence?\" \/>\n<meta name=\"robots\" content=\"index, follow, max-snippet:-1, max-image-preview:large, max-video-preview:-1\" \/>\n<link rel=\"canonical\" href=\"https:\/\/agen.umc-europe.org\/eglise\/psaume-10-reponse-bible-violence\/\" \/>\n<meta property=\"og:locale\" content=\"fr_FR\" \/>\n<meta property=\"og:type\" content=\"article\" \/>\n<meta property=\"og:title\" content=\"Psaume 10 : La r\u00e9ponse de la Bible \u00e0 la violence\" \/>\n<meta property=\"og:description\" content=\"La violence peut \u00eatre physique, morale ou spirituelle. Comment la Bible aborde-t-elle ce sujet? Quelle est la responsabilit\u00e9 du chr\u00e9tien face \u00e0 la violence?\" \/>\n<meta property=\"og:url\" content=\"https:\/\/agen.umc-europe.org\/eglise\/psaume-10-reponse-bible-violence\/\" \/>\n<meta property=\"og:site_name\" content=\"\u00c9glise Protestante \u00c9vang\u00e9lique M\u00e9thodiste Agen\" \/>\n<meta property=\"article:publisher\" content=\"https:\/\/www.facebook.com\/EgliseAgen\/\" \/>\n<meta property=\"article:published_time\" content=\"2015-01-11T12:11:48+00:00\" \/>\n<meta property=\"article:modified_time\" content=\"2021-11-11T12:47:12+00:00\" \/>\n<meta property=\"og:image\" content=\"https:\/\/agen.umc-europe.org\/eglise\/wp-content\/uploads\/2017\/06\/la-reponse-Bible-a-la-violence.jpg\" \/>\n\t<meta property=\"og:image:width\" content=\"1025\" \/>\n\t<meta property=\"og:image:height\" content=\"200\" \/>\n\t<meta property=\"og:image:type\" content=\"image\/jpeg\" \/>\n<meta name=\"author\" content=\"eglise.agen\" \/>\n<meta name=\"twitter:card\" content=\"summary_large_image\" \/>\n<meta name=\"twitter:creator\" content=\"@EgliseAgen\" \/>\n<meta name=\"twitter:site\" content=\"@EgliseAgen\" \/>\n<meta name=\"twitter:label1\" content=\"\u00c9crit par\" \/>\n\t<meta name=\"twitter:data1\" content=\"eglise.agen\" \/>\n\t<meta name=\"twitter:label2\" content=\"Dur\u00e9e de lecture estim\u00e9e\" \/>\n\t<meta name=\"twitter:data2\" content=\"9 minutes\" \/>\n<script type=\"application\/ld+json\" class=\"yoast-schema-graph\">{\"@context\":\"https:\/\/schema.org\",\"@graph\":[{\"@type\":\"WebPage\",\"@id\":\"https:\/\/agen.umc-europe.org\/eglise\/psaume-10-reponse-bible-violence\/\",\"url\":\"https:\/\/agen.umc-europe.org\/eglise\/psaume-10-reponse-bible-violence\/\",\"name\":\"Psaume 10 : La r\u00e9ponse de la Bible \u00e0 la violence\",\"isPartOf\":{\"@id\":\"https:\/\/agen.umc-europe.org\/eglise\/#website\"},\"datePublished\":\"2015-01-11T12:11:48+00:00\",\"dateModified\":\"2021-11-11T12:47:12+00:00\",\"author\":{\"@id\":\"https:\/\/agen.umc-europe.org\/eglise\/#\/schema\/person\/e4e75e8bdea6a53fc59d926ccb55abe7\"},\"description\":\"La violence peut \u00eatre physique, morale ou spirituelle. Comment la Bible aborde-t-elle ce sujet? Quelle est la responsabilit\u00e9 du chr\u00e9tien face \u00e0 la violence?\",\"breadcrumb\":{\"@id\":\"https:\/\/agen.umc-europe.org\/eglise\/psaume-10-reponse-bible-violence\/#breadcrumb\"},\"inLanguage\":\"fr-FR\",\"potentialAction\":[{\"@type\":\"ReadAction\",\"target\":[\"https:\/\/agen.umc-europe.org\/eglise\/psaume-10-reponse-bible-violence\/\"]}]},{\"@type\":\"BreadcrumbList\",\"@id\":\"https:\/\/agen.umc-europe.org\/eglise\/psaume-10-reponse-bible-violence\/#breadcrumb\",\"itemListElement\":[{\"@type\":\"ListItem\",\"position\":1,\"name\":\"Accueil\",\"item\":\"https:\/\/agen.umc-europe.org\/eglise\/\"},{\"@type\":\"ListItem\",\"position\":2,\"name\":\"Psaume 10 : La r\u00e9ponse de la Bible \u00e0 la violence\"}]},{\"@type\":\"WebSite\",\"@id\":\"https:\/\/agen.umc-europe.org\/eglise\/#website\",\"url\":\"https:\/\/agen.umc-europe.org\/eglise\/\",\"name\":\"\u00c9glise Protestante \u00c9vang\u00e9lique M\u00e9thodiste Agen\",\"description\":\"Des chr\u00e9tiens \u00e9vang\u00e9liques au coeur du Lot et Garonne. &quot;Viens et vois!&quot; ( Jean 1:47 )\",\"potentialAction\":[{\"@type\":\"SearchAction\",\"target\":{\"@type\":\"EntryPoint\",\"urlTemplate\":\"https:\/\/agen.umc-europe.org\/eglise\/?s={search_term_string}\"},\"query-input\":\"required name=search_term_string\"}],\"inLanguage\":\"fr-FR\"},{\"@type\":\"Person\",\"@id\":\"https:\/\/agen.umc-europe.org\/eglise\/#\/schema\/person\/e4e75e8bdea6a53fc59d926ccb55abe7\",\"name\":\"eglise.agen\",\"description\":\"Administateur du site de l'\u00e9glise d'Agen\",\"sameAs\":[\"https:\/\/agen.umc-europe.org\/eglise\/\"],\"url\":\"https:\/\/agen.umc-europe.org\/eglise\/author\/eem_agen\/\"}]}<\/script>\n<!-- \/ Yoast SEO plugin. -->","yoast_head_json":{"title":"Psaume 10 : La r\u00e9ponse de la Bible \u00e0 la violence","description":"La violence peut \u00eatre physique, morale ou spirituelle. Comment la Bible aborde-t-elle ce sujet? Quelle est la responsabilit\u00e9 du chr\u00e9tien face \u00e0 la violence?","robots":{"index":"index","follow":"follow","max-snippet":"max-snippet:-1","max-image-preview":"max-image-preview:large","max-video-preview":"max-video-preview:-1"},"canonical":"https:\/\/agen.umc-europe.org\/eglise\/psaume-10-reponse-bible-violence\/","og_locale":"fr_FR","og_type":"article","og_title":"Psaume 10 : La r\u00e9ponse de la Bible \u00e0 la violence","og_description":"La violence peut \u00eatre physique, morale ou spirituelle. Comment la Bible aborde-t-elle ce sujet? Quelle est la responsabilit\u00e9 du chr\u00e9tien face \u00e0 la violence?","og_url":"https:\/\/agen.umc-europe.org\/eglise\/psaume-10-reponse-bible-violence\/","og_site_name":"\u00c9glise Protestante \u00c9vang\u00e9lique M\u00e9thodiste Agen","article_publisher":"https:\/\/www.facebook.com\/EgliseAgen\/","article_published_time":"2015-01-11T12:11:48+00:00","article_modified_time":"2021-11-11T12:47:12+00:00","og_image":[{"width":1025,"height":200,"url":"https:\/\/agen.umc-europe.org\/eglise\/wp-content\/uploads\/2017\/06\/la-reponse-Bible-a-la-violence.jpg","type":"image\/jpeg"}],"author":"eglise.agen","twitter_card":"summary_large_image","twitter_creator":"@EgliseAgen","twitter_site":"@EgliseAgen","twitter_misc":{"\u00c9crit par":"eglise.agen","Dur\u00e9e de lecture estim\u00e9e":"9 minutes"},"schema":{"@context":"https:\/\/schema.org","@graph":[{"@type":"WebPage","@id":"https:\/\/agen.umc-europe.org\/eglise\/psaume-10-reponse-bible-violence\/","url":"https:\/\/agen.umc-europe.org\/eglise\/psaume-10-reponse-bible-violence\/","name":"Psaume 10 : La r\u00e9ponse de la Bible \u00e0 la violence","isPartOf":{"@id":"https:\/\/agen.umc-europe.org\/eglise\/#website"},"datePublished":"2015-01-11T12:11:48+00:00","dateModified":"2021-11-11T12:47:12+00:00","author":{"@id":"https:\/\/agen.umc-europe.org\/eglise\/#\/schema\/person\/e4e75e8bdea6a53fc59d926ccb55abe7"},"description":"La violence peut \u00eatre physique, morale ou spirituelle. Comment la Bible aborde-t-elle ce sujet? Quelle est la responsabilit\u00e9 du chr\u00e9tien face \u00e0 la violence?","breadcrumb":{"@id":"https:\/\/agen.umc-europe.org\/eglise\/psaume-10-reponse-bible-violence\/#breadcrumb"},"inLanguage":"fr-FR","potentialAction":[{"@type":"ReadAction","target":["https:\/\/agen.umc-europe.org\/eglise\/psaume-10-reponse-bible-violence\/"]}]},{"@type":"BreadcrumbList","@id":"https:\/\/agen.umc-europe.org\/eglise\/psaume-10-reponse-bible-violence\/#breadcrumb","itemListElement":[{"@type":"ListItem","position":1,"name":"Accueil","item":"https:\/\/agen.umc-europe.org\/eglise\/"},{"@type":"ListItem","position":2,"name":"Psaume 10 : La r\u00e9ponse de la Bible \u00e0 la violence"}]},{"@type":"WebSite","@id":"https:\/\/agen.umc-europe.org\/eglise\/#website","url":"https:\/\/agen.umc-europe.org\/eglise\/","name":"\u00c9glise Protestante \u00c9vang\u00e9lique M\u00e9thodiste Agen","description":"Des chr\u00e9tiens \u00e9vang\u00e9liques au coeur du Lot et Garonne. &quot;Viens et vois!&quot; ( Jean 1:47 )","potentialAction":[{"@type":"SearchAction","target":{"@type":"EntryPoint","urlTemplate":"https:\/\/agen.umc-europe.org\/eglise\/?s={search_term_string}"},"query-input":"required name=search_term_string"}],"inLanguage":"fr-FR"},{"@type":"Person","@id":"https:\/\/agen.umc-europe.org\/eglise\/#\/schema\/person\/e4e75e8bdea6a53fc59d926ccb55abe7","name":"eglise.agen","description":"Administateur du site de l'\u00e9glise d'Agen","sameAs":["https:\/\/agen.umc-europe.org\/eglise\/"],"url":"https:\/\/agen.umc-europe.org\/eglise\/author\/eem_agen\/"}]}},"views":24373,"_links":{"self":[{"href":"https:\/\/agen.umc-europe.org\/eglise\/wp-json\/wp\/v2\/posts\/1060"}],"collection":[{"href":"https:\/\/agen.umc-europe.org\/eglise\/wp-json\/wp\/v2\/posts"}],"about":[{"href":"https:\/\/agen.umc-europe.org\/eglise\/wp-json\/wp\/v2\/types\/post"}],"author":[{"embeddable":true,"href":"https:\/\/agen.umc-europe.org\/eglise\/wp-json\/wp\/v2\/users\/2"}],"replies":[{"embeddable":true,"href":"https:\/\/agen.umc-europe.org\/eglise\/wp-json\/wp\/v2\/comments?post=1060"}],"version-history":[{"count":12,"href":"https:\/\/agen.umc-europe.org\/eglise\/wp-json\/wp\/v2\/posts\/1060\/revisions"}],"predecessor-version":[{"id":6470,"href":"https:\/\/agen.umc-europe.org\/eglise\/wp-json\/wp\/v2\/posts\/1060\/revisions\/6470"}],"wp:featuredmedia":[{"embeddable":true,"href":"https:\/\/agen.umc-europe.org\/eglise\/wp-json\/wp\/v2\/media\/2772"}],"wp:attachment":[{"href":"https:\/\/agen.umc-europe.org\/eglise\/wp-json\/wp\/v2\/media?parent=1060"}],"wp:term":[{"taxonomy":"category","embeddable":true,"href":"https:\/\/agen.umc-europe.org\/eglise\/wp-json\/wp\/v2\/categories?post=1060"},{"taxonomy":"post_tag","embeddable":true,"href":"https:\/\/agen.umc-europe.org\/eglise\/wp-json\/wp\/v2\/tags?post=1060"}],"curies":[{"name":"wp","href":"https:\/\/api.w.org\/{rel}","templated":true}]}}